[{"@context":"https:\/\/schema.org\/","@type":"Article","@id":"https:\/\/www.celtica.cz\/bez-konferencniho-stolku-do-obyvaku-neni-pohodli\/#Article","mainEntityOfPage":"https:\/\/www.celtica.cz\/bez-konferencniho-stolku-do-obyvaku-neni-pohodli\/","headline":"Bez konferen\u010dn\u00edho stolku do ob\u00fdv\u00e1ku nen\u00ed pohodl\u00ed","name":"Bez konferen\u010dn\u00edho stolku do ob\u00fdv\u00e1ku nen\u00ed pohodl\u00ed","description":"Na vybaven\u00ed velmi z\u00e1le\u017e\u00ed. Z\u00e1le\u017e\u00ed na jeho materi\u00e1lu, designu i barevnosti. Pro vytvo\u0159en\u00ed dobr\u00e9 atmosf\u00e9ry a prost\u0159ed\u00ed, kter\u00e9 ve v\u00e1s &hellip; ","datePublished":"2024-01-18","dateModified":"2024-01-18","author":{"@type":"Person","@id":"https:\/\/www.celtica.cz\/author\/#Person","name":"","url":"https:\/\/www.celtica.cz\/author\/","identifier":1,"image":{"@type":"ImageObject","@id":"https:\/\/secure.gravatar.com\/avatar\/da76ffe9456a057fb26f92cd8eb3d2effca853864e9ae2a35290bd1e10b1f7d4?s=96&d=mm&r=g","url":"https:\/\/secure.gravatar.com\/avatar\/da76ffe9456a057fb26f92cd8eb3d2effca853864e9ae2a35290bd1e10b1f7d4?s=96&d=mm&r=g","height":96,"width":96}},"publisher":{"@type":"Organization","name":"celtica.cz","logo":{"@type":"ImageObject","@id":"\/logo.png","url":"\/logo.png","width":600,"height":60}},"url":"https:\/\/www.celtica.cz\/bez-konferencniho-stolku-do-obyvaku-neni-pohodli\/","wordCount":280,"articleBody":"Na vybaven\u00ed velmi z\u00e1le\u017e\u00ed. Z\u00e1le\u017e\u00ed na jeho materi\u00e1lu, designu i barevnosti. Pro vytvo\u0159en\u00ed dobr\u00e9 atmosf\u00e9ry a prost\u0159ed\u00ed, kter\u00e9 ve v\u00e1s bude vzbuzovat klid a pohodu, byste se m\u011bli obklopit t\u00edm, co se v\u00e1m l\u00edb\u00ed. D\u016fle\u017eit\u00e9 je vyb\u00edrat jak na m\u00edru sv\u00fdm p\u0159edstav\u00e1m a pot\u0159eb\u00e1m, tak i na m\u00edru dan\u00e9mu interi\u00e9ru. Ka\u017ed\u00fd slou\u017e\u00ed jin\u00e9mu \u00fa\u010delu a to p\u0159edur\u010duje volbu jeho vybaven\u00ed. D\u00e1 se \u0159\u00edci, \u017ee v\u0161echny m\u00edstnosti maj\u00ed sv\u00e9 dominanty. Ty hraj\u00ed prim a bez nich by to rozhodn\u011b nebylo o pohod\u011b. Sedac\u00ed souprava je t\u00edm, co nechyb\u00ed doma nikomu. A je dobr\u00e9 myslet i na to, kam si postav\u00edte hrn\u00ed\u010dek.\tModern\u00ed, kvalitn\u00ed, cenov\u011b dostupn\u00e9Je p\u0159\u00edjemn\u00e9 si p\u011bkn\u011b v\u00a0pohodl\u00ed domova prohl\u00ed\u017eet fotky, kter\u00e9 jsou inspirac\u00ed pro je\u0161t\u011b p\u0159\u00edjemn\u011bj\u0161\u00ed a komfortn\u011bj\u0161\u00ed bydlen\u00ed. Je rovn\u011b\u017e skv\u011bl\u00e9, \u017ee krom\u011b inspirace najdete na tomto webu i rady a kontakty ke spolupr\u00e1ci s\u00a0t\u011bmi, kte\u0159\u00ed n\u00e1bytku a designu dob\u0159e rozum\u00ed. A je \u00fapln\u011b bezva, \u017ee si tu m\u016f\u017eete vybrat i konkr\u00e9tn\u00ed produkty, kter\u00e9 jsou vhodn\u00e9 pro za\u0159\u00edzen\u00ed interi\u00e9r\u016f v\u0161ech typ\u016f. Pokud jde o \u00fast\u0159edn\u00ed m\u00edstnost, tak krom\u011b seda\u010dky, kter\u00e1 v\u00a0n\u00ed hraje jednozna\u010dn\u011b prim, je to i dal\u0161\u00ed vybaven\u00ed, je\u017e je pro va\u0161i pohodu a pohodl\u00ed nezbytn\u00e9. Konferen\u010dn\u00ed stolky do ob\u00fdv\u00e1ku jsou nejen praktick\u00fdm vybaven\u00edm. Jsou i zaj\u00edmav\u00fdm bytov\u00fdm dopl\u0148kem. Je na v\u00e1s, jakou podobu mu d\u00e1te.                                                                                                                                                                                                                                                                                                                                                                                        4.8\/5 - (5 votes)        "},{"@context":"https:\/\/schema.org\/","@type":"BreadcrumbList","itemListElement":[{"@type":"ListItem","position":1,"name":"Bez konferen\u010dn\u00edho stolku do ob\u00fdv\u00e1ku nen\u00ed pohodl\u00ed","item":"https:\/\/www.celtica.cz\/bez-konferencniho-stolku-do-obyvaku-neni-pohodli\/#breadcrumbitem"}]}]