[{"@context":"https:\/\/schema.org\/","@type":"Article","@id":"https:\/\/www.celtica.cz\/co-je-pod-kapotou\/#Article","mainEntityOfPage":"https:\/\/www.celtica.cz\/co-je-pod-kapotou\/","headline":"Co je pod kapotou","name":"Co je pod kapotou","description":"Po\u010d\u00edta\u010d m\u00e1 dnes ka\u017ed\u00fd jist\u011b doma. Nezn\u00e1m dom\u00e1cnost, kde by je\u0161t\u011b nebyl a\u00a0zn\u00e1m m\u00e1lo dom\u00e1cnost\u00ed, kde je pouze jeden. V\u011bt\u0161inou &hellip; ","datePublished":"2022-04-03","dateModified":"2023-06-14","author":{"@type":"Person","@id":"https:\/\/www.celtica.cz\/author\/#Person","name":"","url":"https:\/\/www.celtica.cz\/author\/","identifier":1,"image":{"@type":"ImageObject","@id":"https:\/\/secure.gravatar.com\/avatar\/da76ffe9456a057fb26f92cd8eb3d2effca853864e9ae2a35290bd1e10b1f7d4?s=96&d=mm&r=g","url":"https:\/\/secure.gravatar.com\/avatar\/da76ffe9456a057fb26f92cd8eb3d2effca853864e9ae2a35290bd1e10b1f7d4?s=96&d=mm&r=g","height":96,"width":96}},"publisher":{"@type":"Organization","name":"celtica.cz","logo":{"@type":"ImageObject","@id":"\/logo.png","url":"\/logo.png","width":600,"height":60}},"image":{"@type":"ImageObject","@id":"https:\/\/www.celtica.cz\/wp-content\/uploads\/bb_3.jpg","url":"https:\/\/www.celtica.cz\/wp-content\/uploads\/bb_3.jpg","height":0,"width":0},"url":"https:\/\/www.celtica.cz\/co-je-pod-kapotou\/","about":["IT"],"wordCount":424,"articleBody":"Po\u010d\u00edta\u010d m\u00e1 dnes ka\u017ed\u00fd jist\u011b doma. Nezn\u00e1m dom\u00e1cnost, kde by je\u0161t\u011b nebyl a\u00a0zn\u00e1m m\u00e1lo dom\u00e1cnost\u00ed, kde je pouze jeden. V\u011bt\u0161inou m\u00e1 ji\u017e ka\u017ed\u00fd sv\u016fj. V\u00a0ka\u017ed\u00e9m pokoji se nal\u00e9z\u00e1 n\u011bjak\u00fd notebook. D\u011bti jej maj\u00ed kv\u016fli \u0161kole, ale hlavn\u011b na hran\u00ed her. To h\u00fdbe jejich sv\u011btem nejv\u00edce. Tak\u017ee zaslechnout debatu na vysok\u00e9 \u00farovni, co se tohoto fenom\u00e9nu t\u00fd\u010de, nen\u00ed \u017e\u00e1dn\u00fd probl\u00e9m. A\u00a0tak m\u016f\u017eete pochytit v\u011bty jako nap\u0159\u00edklad \u201eHele, na dvou giga ramce a\u00a0proc\u00e1ku co taktuje na jedna \u010dty\u0159i tuhle gamesku nerozchod\u00ed\u0161 ani v\u00a0mini rozli\u0161en\u00ed.\u201cPokud nev\u00edte, o\u00a0co go, tak se ho\u010fte do hap\u00e1\u010de a\u00a0j\u00e1 v\u00e1m to nacentruju.Ten prvn\u00ed \u00fadaj je o velikosti RAM, to je pam\u011b\u0165, kter\u00e1 je velmi d\u016fle\u017eit\u00e1 a pom\u00e1h\u00e1 hlavn\u00edmu procesoru. Ten je v\u00a0on\u00e9 v\u00fd\u0161e psan\u00e9 v\u011bt\u011b zm\u00edn\u011bn sl\u016fvkem proc\u00e1k a\u00a0\u017ee taktuje na jedna \u010dty\u0159i. Co\u017e znamen\u00e1, \u017ee v\u00a0po\u010d\u00edta\u010di je procesor o\u00a0frekvenci 1,4 Hertz\u016f. Na \u010dem\u017e by \u0161lo mo\u017en\u00e1 rozjet tak \u0161achy. Bohu\u017eel zde nemohu rozebrat procesor jako takov\u00fd dopodrobna, ale v\u0161eobecn\u011b lze uznat, \u017ee \u010d\u00edm vy\u0161\u0161\u00ed frekvence, t\u00edm je lep\u0161\u00ed. I\u00a0kdy\u017e hraje roli v\u00edce v\u011bc\u00ed, nap\u0159\u00edklad j\u00e1dra nebo architektura.Gameska je pak hra a\u00a0mini rozli\u0161en\u00ed je to, co vid\u00edte na monitoru. Op\u011bt zde plat\u00ed, \u010d\u00edm vy\u0161\u0161\u00ed \u010d\u00edslo, t\u00edm kvalitn\u011bj\u0161\u00ed obraz.Tak jsme letmo nahl\u00e9dli pod kapotu po\u010d\u00edta\u010de. Samoz\u0159ejm\u011b, \u017ee tam nejsou jen v\u011bci v\u00fd\u0161e popisovan\u00e9. Je tam spousta dal\u0161\u00edch sou\u010d\u00e1stek. Nap\u0159\u00edklad v\u011btr\u00e1\u010dky, hard disk, mother board, co\u017e je mate\u0159sk\u00e1 deska, na kter\u00e9 je um\u00edst\u011bna v\u011bt\u0161ina komponent\u016f a\u00a0dal\u0161\u00ed v\u011bci dle vybaven\u00ed. Na star\u0161\u00edch stroj\u00edch se nach\u00e1zely mechaniky nap\u0159\u00edklad na diskety nebo CD\u00e9\u010dka. Tyto jsou ji\u017e vytla\u010dov\u00e1ny USB\u00e9\u010dkem, tak\u017ee se s\u00a0nimi asi ji\u017e moc nesetk\u00e1te. Doba vypalov\u00e1n\u00ed disk\u016f je nen\u00e1vratn\u011b pry\u010d, p\u0159esto v\u0161ak je\u0161t\u011b jsou, proto\u017ee jejich cena je st\u00e1le v\u00fdhodn\u00e1. Sice ji\u017e m\u00e9n\u011b, ale je. A\u00a0p\u0159ijde doba, kdy se i\u00a0tyto mechaniky z\u00a0po\u010d\u00edta\u010d\u016f odeberou do k\u0159em\u00edkov\u00e9ho nebe \u00fapln\u011b. Jen starci jako j\u00e1 pak budou vzpom\u00ednat, co znamenalo, kdy\u017e takzvan\u011b \u201epodtekl buffer\u201c.                                                                                                                                                                                                                                                                                                                                                                                        3.7\/5 - (4 votes)        "},{"@context":"https:\/\/schema.org\/","@type":"BreadcrumbList","itemListElement":[{"@type":"ListItem","position":1,"name":"Co je pod kapotou","item":"https:\/\/www.celtica.cz\/co-je-pod-kapotou\/#breadcrumbitem"}]}]