{"@context":"https:\/\/schema.org\/","@type":"CollectionPage","@id":"https:\/\/www.celtica.cz\/deti\/#CollectionPage","headline":"D\u011bti Category","description":"","url":"https:\/\/www.celtica.cz\/deti\/","hasPart":[{"@type":"Article","@id":"https:\/\/www.celtica.cz\/ocekavate-od-sveho-batolete-prilis\/","headline":"O\u010dek\u00e1v\u00e1te od sv\u00e9ho batolete p\u0159\u00edli\u0161?","url":"https:\/\/www.celtica.cz\/ocekavate-od-sveho-batolete-prilis\/","datePublished":"2022-07-09","dateModified":"2023-06-14","mainEntityOfPage":"https:\/\/www.celtica.cz\/ocekavate-od-sveho-batolete-prilis\/","author":{"@type":"Person","@id":"https:\/\/www.celtica.cz\/author\/#Person","name":"","url":"https:\/\/www.celtica.cz\/author\/","identifier":1,"image":{"@type":"ImageObject","@id":"https:\/\/secure.gravatar.com\/avatar\/da76ffe9456a057fb26f92cd8eb3d2effca853864e9ae2a35290bd1e10b1f7d4?s=96&d=mm&r=g","url":"https:\/\/secure.gravatar.com\/avatar\/da76ffe9456a057fb26f92cd8eb3d2effca853864e9ae2a35290bd1e10b1f7d4?s=96&d=mm&r=g","height":96,"width":96}},"publisher":{"@type":"Organization","name":"celtica.cz","logo":{"@type":"ImageObject","@id":"\/logo.png","url":"\/logo.png","width":600,"height":60}},"image":{"@type":"ImageObject","@id":"https:\/\/www.celtica.cz\/wp-content\/uploads\/kids-160168_960_720_5.png","url":"https:\/\/www.celtica.cz\/wp-content\/uploads\/kids-160168_960_720_5.png","height":0,"width":0},"keywords":null},{"@type":"Article","@id":"https:\/\/www.celtica.cz\/dodejte-to-nejlepsi-ze-sebe-a-vaseho-ditete\/","headline":"Dodejte to nejlep\u0161\u00ed ze sebe a va\u0161eho d\u00edt\u011bte","url":"https:\/\/www.celtica.cz\/dodejte-to-nejlepsi-ze-sebe-a-vaseho-ditete\/","datePublished":"2022-07-09","dateModified":"2022-07-09","mainEntityOfPage":"https:\/\/www.celtica.cz\/dodejte-to-nejlepsi-ze-sebe-a-vaseho-ditete\/","author":{"@type":"Person","@id":"https:\/\/www.celtica.cz\/author\/#Person","name":"","url":"https:\/\/www.celtica.cz\/author\/","identifier":1,"image":{"@type":"ImageObject","@id":"https:\/\/secure.gravatar.com\/avatar\/da76ffe9456a057fb26f92cd8eb3d2effca853864e9ae2a35290bd1e10b1f7d4?s=96&d=mm&r=g","url":"https:\/\/secure.gravatar.com\/avatar\/da76ffe9456a057fb26f92cd8eb3d2effca853864e9ae2a35290bd1e10b1f7d4?s=96&d=mm&r=g","height":96,"width":96}},"publisher":{"@type":"Organization","name":"celtica.cz","logo":{"@type":"ImageObject","@id":"\/logo.png","url":"\/logo.png","width":600,"height":60}},"image":{"@type":"ImageObject","@id":"https:\/\/www.celtica.cz\/wp-content\/uploads\/kids-160168_960_720_1.png","url":"https:\/\/www.celtica.cz\/wp-content\/uploads\/kids-160168_960_720_1.png","height":0,"width":0},"keywords":null},{"@type":"Article","@id":"https:\/\/www.celtica.cz\/tipy-jak-jit-na-plaz-s-detmi\/","headline":"Tipy, jak j\u00edt na pl\u00e1\u017e s d\u011btmi","url":"https:\/\/www.celtica.cz\/tipy-jak-jit-na-plaz-s-detmi\/","datePublished":"2022-05-09","dateModified":"2023-06-14","mainEntityOfPage":"https:\/\/www.celtica.cz\/tipy-jak-jit-na-plaz-s-detmi\/","author":{"@type":"Person","@id":"https:\/\/www.celtica.cz\/author\/#Person","name":"","url":"https:\/\/www.celtica.cz\/author\/","identifier":1,"image":{"@type":"ImageObject","@id":"https:\/\/secure.gravatar.com\/avatar\/da76ffe9456a057fb26f92cd8eb3d2effca853864e9ae2a35290bd1e10b1f7d4?s=96&d=mm&r=g","url":"https:\/\/secure.gravatar.com\/avatar\/da76ffe9456a057fb26f92cd8eb3d2effca853864e9ae2a35290bd1e10b1f7d4?s=96&d=mm&r=g","height":96,"width":96}},"publisher":{"@type":"Organization","name":"celtica.cz","logo":{"@type":"ImageObject","@id":"\/logo.png","url":"\/logo.png","width":600,"height":60}},"image":{"@type":"ImageObject","@id":"https:\/\/www.celtica.cz\/wp-content\/uploads\/children-gc9cda27ce_1920_1.jpg","url":"https:\/\/www.celtica.cz\/wp-content\/uploads\/children-gc9cda27ce_1920_1.jpg","height":0,"width":0},"keywords":null},{"@type":"Article","@id":"https:\/\/www.celtica.cz\/mit-deti-nemit-deti-nemit-moznost-mit-deti\/","headline":"M\u00edt d\u011bti, Nem\u00edt d\u011bti, Nem\u00edt mo\u017enost m\u00edt d\u011bti","url":"https:\/\/www.celtica.cz\/mit-deti-nemit-deti-nemit-moznost-mit-deti\/","datePublished":"2021-11-10","dateModified":"2021-11-10","mainEntityOfPage":"https:\/\/www.celtica.cz\/mit-deti-nemit-deti-nemit-moznost-mit-deti\/","author":{"@type":"Person","@id":"https:\/\/www.celtica.cz\/author\/#Person","name":"","url":"https:\/\/www.celtica.cz\/author\/","identifier":1,"image":{"@type":"ImageObject","@id":"https:\/\/secure.gravatar.com\/avatar\/da76ffe9456a057fb26f92cd8eb3d2effca853864e9ae2a35290bd1e10b1f7d4?s=96&d=mm&r=g","url":"https:\/\/secure.gravatar.com\/avatar\/da76ffe9456a057fb26f92cd8eb3d2effca853864e9ae2a35290bd1e10b1f7d4?s=96&d=mm&r=g","height":96,"width":96}},"publisher":{"@type":"Organization","name":"celtica.cz","logo":{"@type":"ImageObject","@id":"\/logo.png","url":"\/logo.png","width":600,"height":60}},"image":{"@type":"ImageObject","@id":"https:\/\/www.celtica.cz\/wp-content\/uploads\/entrepreneur-4101952_960_720.jpg","url":"https:\/\/www.celtica.cz\/wp-content\/uploads\/entrepreneur-4101952_960_720.jpg","height":0,"width":0},"keywords":null}]}