[{"@context":"https:\/\/schema.org\/","@type":"Article","@id":"https:\/\/www.celtica.cz\/je-snih-pro-zahradu-dobry\/#Article","mainEntityOfPage":"https:\/\/www.celtica.cz\/je-snih-pro-zahradu-dobry\/","headline":"Je sn\u00edh pro zahradu dobr\u00fd?","name":"Je sn\u00edh pro zahradu dobr\u00fd?","description":"K\u00a0zim\u011b pat\u0159\u00ed neodmysliteln\u011b sn\u00edh. Ten samoz\u0159ejm\u011b pad\u00e1 hlavn\u011b ve vy\u0161\u0161\u00edch poloh\u00e1ch, av\u0161ak v\u00a0na\u0161ich zem\u011bpisn\u00fdch \u0161\u00ed\u0159k\u00e1ch jej zn\u00e1me i v\u00a0n\u00ed\u017ein\u00e1ch, by\u0165 &hellip; ","datePublished":"2024-09-23","dateModified":"2024-09-23","author":{"@type":"Person","@id":"https:\/\/www.celtica.cz\/author\/#Person","name":"","url":"https:\/\/www.celtica.cz\/author\/","identifier":1,"image":{"@type":"ImageObject","@id":"https:\/\/secure.gravatar.com\/avatar\/da76ffe9456a057fb26f92cd8eb3d2effca853864e9ae2a35290bd1e10b1f7d4?s=96&d=mm&r=g","url":"https:\/\/secure.gravatar.com\/avatar\/da76ffe9456a057fb26f92cd8eb3d2effca853864e9ae2a35290bd1e10b1f7d4?s=96&d=mm&r=g","height":96,"width":96}},"publisher":{"@type":"Organization","name":"celtica.cz","logo":{"@type":"ImageObject","@id":"\/logo.png","url":"\/logo.png","width":600,"height":60}},"image":{"@type":"ImageObject","@id":"https:\/\/www.celtica.cz\/wp-content\/uploads\/auto31_10_2.jpg","url":"https:\/\/www.celtica.cz\/wp-content\/uploads\/auto31_10_2.jpg","height":0,"width":0},"url":"https:\/\/www.celtica.cz\/je-snih-pro-zahradu-dobry\/","about":["Zahrada a d\u016fm"],"wordCount":425,"articleBody":"K\u00a0zim\u011b pat\u0159\u00ed neodmysliteln\u011b sn\u00edh. Ten samoz\u0159ejm\u011b pad\u00e1 hlavn\u011b ve vy\u0161\u0161\u00edch poloh\u00e1ch, av\u0161ak v\u00a0na\u0161ich zem\u011bpisn\u00fdch \u0161\u00ed\u0159k\u00e1ch jej zn\u00e1me i v\u00a0n\u00ed\u017ein\u00e1ch, by\u0165 jej nen\u00ed ani zdaleka tolik. I tak v\u0161ak p\u0159ekryje v\u00a0podstat\u011b v\u0161e, v\u010detn\u011b z\u00e1hon\u016f na zahrad\u00e1ch. Proto mnoho zahr\u00e1dk\u00e1\u0159\u016f p\u0159em\u00fd\u0161l\u00ed, zda by jej m\u011bli nechat b\u00fdt, nebo jestli by nebylo n\u00e1hodou lep\u0161\u00ed jej odstranit, zvl\u00e1\u0161t\u011b pokud maj\u00ed z\u00e1hon. Zde v\u0161ak odpov\u011b\u010f nen\u00ed nijak jednoduch\u00e1. Z\u00e1le\u017e\u00ed toti\u017e na konkr\u00e9tn\u00edch podm\u00ednk\u00e1ch v\u00a0dan\u00e9 oblasti a tak\u00e9 na tom, co vlastn\u011b p\u011bstujeme. Ka\u017ed\u00e1 plodina toti\u017e pot\u0159ebuje n\u011bco jin\u00e9ho, a to i v\u00a0zimn\u00edm obdob\u00ed.A podle toho bychom tak\u00e9 m\u011bli jednat. Tou zdaleka nej\u010dast\u011bj\u0161\u00ed variantou je, \u017ee m\u00e1me z\u00e1hon pr\u00e1zdn\u00fd, a jen \u010dek\u00e1me, a\u017e do n\u011bj na ja\u0159e zasad\u00edme nov\u00e9 plodiny. Navzdory tomu, co bychom si mohli myslet, je zde lep\u0161\u00ed sn\u00edh odstranit, alespo\u0148 z\u00a0v\u011bt\u0161\u00ed \u010d\u00e1sti. To se m\u016f\u017ee zd\u00e1t zvl\u00e1\u0161tn\u00ed, av\u0161ak m\u00e1 to sv\u016fj d\u016fvod. I v\u00a0sebel\u00e9pe zryt\u00e9m a vyplet\u00e9m z\u00e1honu toti\u017e najdeme ko\u0159\u00ednky nejr\u016fzn\u011bj\u0161\u00edch trav a plevel\u016f. Ty se ryt\u00edm dostanou bl\u00ed\u017ee k\u00a0povrchu, kde je m\u016f\u017ee zab\u00edt mr\u00e1z. To se v\u0161ak nestane, pokud budou m\u00edt sn\u011bhovou pokr\u00fdvku, kter\u00fd je ochr\u00e1n\u00ed. Pokud v\u0161ak p\u011bstujeme v\u00edce letky \u010di dokonce trvalky, pak mus\u00edme naopak sn\u011bhovou pokr\u00fdvku zachovat. P\u016fsob\u00ed toti\u017e jako ochrann\u00e1 vrstva, kter\u00e1 zabra\u0148uje tomu, aby plodiny kompletn\u011b sp\u00e1lil mr\u00e1z. Jist\u011b, nadzemn\u00ed \u010d\u00e1sti mohou b\u00fdt po\u0161kozen\u00e9, zvl\u00e1\u0161t\u011b b\u011bhem tuh\u00e9 zimy, av\u0161ak ko\u0159eny p\u0159e\u017eij\u00ed a v\u011bt\u0161inou tyto rostliny na ja\u0159e znovu obraz\u00ed. Dal\u0161\u00edm specifick\u00fdm p\u0159\u00edpadem jsou vzrostlej\u0161\u00ed rostliny, nap\u0159\u00edklad r\u016f\u017ee. I ty pokr\u00fdvku pot\u0159ebuj\u00ed. Dokonce je doporu\u010dov\u00e1no, abychom na n\u011b je\u0161t\u011b p\u0159ed prvn\u00edmi mrazy navr\u0161ili nap\u0159\u00edklad mul\u010d \u010di jinou ochrannou vrstvu. Tak zajist\u00edme \u00fasp\u011b\u0161n\u00e9 p\u0159e\u017eit\u00ed zimy. Posledn\u00ed kategori\u00ed jsou ovocn\u00e9 stromy. Ty sn\u011bhovou pokr\u00fdvku p\u0159\u00edli\u0161 nepot\u0159ebuj\u00ed, nebo\u0165 \u010dasto maj\u00ed hlubok\u00e9 ko\u0159eny. Ty zasahuj\u00ed tak hluboko, \u017ee je mr\u00e1z v\u0161echny nesp\u00e1l\u00ed. U t\u011bch vzrostl\u00fdch se tedy nemus\u00edme b\u00e1t.                                                                                                                                                                                                                                                                                                                                                                                        4\/5 - (6 votes)        "},{"@context":"https:\/\/schema.org\/","@type":"BreadcrumbList","itemListElement":[{"@type":"ListItem","position":1,"name":"Je sn\u00edh pro zahradu dobr\u00fd?","item":"https:\/\/www.celtica.cz\/je-snih-pro-zahradu-dobry\/#breadcrumbitem"}]}]