[{"@context":"https:\/\/schema.org\/","@type":"Article","@id":"https:\/\/www.celtica.cz\/kdeze-lonske-snehy-jsou\/#Article","mainEntityOfPage":"https:\/\/www.celtica.cz\/kdeze-lonske-snehy-jsou\/","headline":"Kde\u017ee lo\u0148sk\u00e9 sn\u011bhy jsou","name":"Kde\u017ee lo\u0148sk\u00e9 sn\u011bhy jsou","description":"Kolikr\u00e1t jenom si v minulosti lid\u00e9 \u0161et\u0159ili t\u0159eba i onu pov\u011bstnou korunku ke korunce! Kolikr\u00e1t si jenom dok\u00e1zali lid\u00e9 i &hellip; ","datePublished":"2022-11-28","dateModified":"2023-06-14","author":{"@type":"Person","@id":"https:\/\/www.celtica.cz\/author\/#Person","name":"","url":"https:\/\/www.celtica.cz\/author\/","identifier":1,"image":{"@type":"ImageObject","@id":"https:\/\/secure.gravatar.com\/avatar\/da76ffe9456a057fb26f92cd8eb3d2effca853864e9ae2a35290bd1e10b1f7d4?s=96&d=mm&r=g","url":"https:\/\/secure.gravatar.com\/avatar\/da76ffe9456a057fb26f92cd8eb3d2effca853864e9ae2a35290bd1e10b1f7d4?s=96&d=mm&r=g","height":96,"width":96}},"publisher":{"@type":"Organization","name":"celtica.cz","logo":{"@type":"ImageObject","@id":"\/logo.png","url":"\/logo.png","width":600,"height":60}},"image":{"@type":"ImageObject","@id":"https:\/\/www.celtica.cz\/wp-content\/uploads\/money-rubles-7187052_960_720.jpg","url":"https:\/\/www.celtica.cz\/wp-content\/uploads\/money-rubles-7187052_960_720.jpg","height":0,"width":0},"url":"https:\/\/www.celtica.cz\/kdeze-lonske-snehy-jsou\/","about":["Pen\u00edze"],"wordCount":475,"articleBody":"   Kolikr\u00e1t jenom si v minulosti lid\u00e9 \u0161et\u0159ili t\u0159eba i onu pov\u011bstnou korunku ke korunce! Kolikr\u00e1t si jenom dok\u00e1zali lid\u00e9 i z toho m\u00e1la, kter\u00e9 d\u0159\u00edve obvykle m\u00edvali, ulo\u017eit aspo\u0148 trochu pen\u011bz, aby m\u011bli t\u0159eba rezervu na mo\u017en\u00e9 hor\u0161\u00ed \u010dasy nebo aby si jednoho dne mohli koupit i to, na co by bez spo\u0159en\u00ed nikdy nem\u011bli! A v\u017edy se to bralo jako vlastn\u011b velice rozumn\u00e9 po\u010d\u00edn\u00e1n\u00ed, lid\u00e9, kte\u0159\u00ed si \u0161et\u0159ili, byli v\u017edy vn\u00edm\u00e1ni l\u00e9pe ne\u017e ti, kte\u0159\u00ed v\u0161echny sv\u00e9 pen\u00edze hned rozh\u00e1zeli a p\u0159\u00edpadn\u011b je\u0161t\u011b d\u011blali dluhy.O tom, \u017ee by si lid\u00e9 m\u011bli naspo\u0159it pen\u00edze, se mluvilo v\u017edycky a spo\u0159ivost byla obvykle ve\u0159ejn\u011b vyzdvihov\u00e1na.Ale v\u0161eho do \u010dasu. Nev\u00edm, jak p\u0159esn\u011b to vypadalo v dob\u00e1ch, kdy jsem je\u0161t\u011b nebyl na sv\u011bt\u011b, jist\u00e9 ale je, \u017ee se nejednou takzvan\u011b voda k\u00e1zala a v\u00edno pilo. Padlo Rakousko-Uhersko a v\u00fdznam jeho m\u011bny byl ten tam. P\u0159i\u0161la komunistick\u00e1 m\u011bnov\u00e1 reforma a v\u0161ichni, kdo m\u011bli na\u0161et\u0159eno, p\u0159i\u0161li tak\u0159ka o v\u0161echno, co si p\u0159edt\u00edm odtrhli od \u00fast. A ani t\u00edm soudruzi neskon\u010dili, proto\u017ee, jak se ironicky \u0159\u00edkalo, tito nezdra\u017eovali, ale zkvalit\u0148ovali slu\u017eby, respektive tu nebyla inflace, jen bylo v\u0161echno po\u0159\u00e1d dra\u017e\u0161\u00ed a dra\u017e\u0161\u00ed. A nic na tom nezm\u011bnila ani polistopadov\u00e1 doba s jej\u00edm takzvan\u00fdm narovn\u00e1n\u00edm cen, zaveden\u00edm tr\u017en\u00edho hospod\u00e1\u0159stv\u00ed a nejedn\u00edm klidn\u011b i \u0161\u00edlen\u00fdm ekonomick\u00fdm po\u010dinem.A jak je tomu dnes? Pen\u00edze n\u00e1m \u017eere inflace stejn\u011b jako \u010dasto i v minulosti. Ba v dne\u0161n\u00ed dob\u011b je\u0161t\u011b v\u00edc. Proto\u017ee dnes dopl\u00e1c\u00edme jak na aktu\u00e1ln\u00ed nep\u0159\u00edznivou situaci ve sv\u011bt\u011b i u n\u00e1s, tak i na n\u00e1sledky pandemie i na finan\u010dn\u00ed zr\u016fdnosti, je\u017e d\u011blaly s na\u0161imi spole\u010dn\u00fdmi pen\u011bzi p\u0159edchoz\u00ed dv\u011b vl\u00e1dy.Kv\u016fli inflaci jsou tak dlouhodob\u011b biti v\u0161ichni, kdo maj\u00ed na\u0161et\u0159eno. Proto\u017ee kdo pen\u00edze nem\u00e1, toho inflace nep\u00e1l\u00ed, na rozd\u00edl od t\u011bch, jejich\u017e \u00faspory ztr\u00e1cej\u00ed na hodnot\u011b. A u\u017e jsem se dokonce do\u010detl, \u017ee to tak pr\u00fd m\u00e1 b\u00fdt. \u017de se mus\u00ed ti spo\u0159iv\u00ed takto po\u0161kodit, aby se udr\u017eel soci\u00e1ln\u00ed sm\u00edr ve spole\u010dnosti.A je mi z toho smutno. Proto\u017ee \u010dasto p\u0159ijde den, kdy kdekdo pot\u0159ebuje finan\u010dn\u00ed rezervu. A kdy\u017e nikdo nebude takov\u00fd bl\u00e1zen, aby za st\u00e1vaj\u00edc\u00edch podm\u00ednek \u0161et\u0159il? Co pak?                                                                                                                                                                                                                                                                                                                                                                                          4.7\/5 - (8 votes)        "},{"@context":"https:\/\/schema.org\/","@type":"BreadcrumbList","itemListElement":[{"@type":"ListItem","position":1,"name":"Kde\u017ee lo\u0148sk\u00e9 sn\u011bhy jsou","item":"https:\/\/www.celtica.cz\/kdeze-lonske-snehy-jsou\/#breadcrumbitem"}]}]