[{"@context":"https:\/\/schema.org\/","@type":"Article","@id":"https:\/\/www.celtica.cz\/kvalitni-materialy\/#Article","mainEntityOfPage":"https:\/\/www.celtica.cz\/kvalitni-materialy\/","headline":"Kvalitn\u00ed materi\u00e1ly","name":"Kvalitn\u00ed materi\u00e1ly","description":"Je to u\u017e opravdu hodn\u011b dlouho, kdy bratr \u0159ekl, \u017ee bude opravovat na\u0161i fas\u00e1du, a je\u0161t\u011b oprav\u00ed celou chodbu, kter\u00e1 &hellip; ","datePublished":"2022-11-13","dateModified":"2023-06-14","author":{"@type":"Person","@id":"https:\/\/www.celtica.cz\/author\/#Person","name":"","url":"https:\/\/www.celtica.cz\/author\/","identifier":1,"image":{"@type":"ImageObject","@id":"https:\/\/secure.gravatar.com\/avatar\/da76ffe9456a057fb26f92cd8eb3d2effca853864e9ae2a35290bd1e10b1f7d4?s=96&d=mm&r=g","url":"https:\/\/secure.gravatar.com\/avatar\/da76ffe9456a057fb26f92cd8eb3d2effca853864e9ae2a35290bd1e10b1f7d4?s=96&d=mm&r=g","height":96,"width":96}},"publisher":{"@type":"Organization","name":"celtica.cz","logo":{"@type":"ImageObject","@id":"\/logo.png","url":"\/logo.png","width":600,"height":60}},"image":{"@type":"ImageObject","@id":"https:\/\/www.celtica.cz\/wp-content\/uploads\/white-male-1834102_960_720.jpg","url":"https:\/\/www.celtica.cz\/wp-content\/uploads\/white-male-1834102_960_720.jpg","height":0,"width":0},"url":"https:\/\/www.celtica.cz\/kvalitni-materialy\/","about":["V\u00fdrobky"],"wordCount":446,"articleBody":"       Je to u\u017e opravdu hodn\u011b dlouho, kdy bratr \u0159ekl, \u017ee bude opravovat na\u0161i fas\u00e1du, a je\u0161t\u011b oprav\u00ed celou chodbu, kter\u00e1 snad u\u017e asi deset let vol\u00e1 po tom, \u017ee by m\u011bla b\u00fdt opraven\u00e1. Vypad\u00e1 opravdu d\u011bsn\u011b a chce to komplet opravu cel\u00e9 chodby. Proto\u017ee v na\u0161em star\u00e9m dom\u011b u\u017e to cht\u011blo n\u011bjak\u00e9 opravy. N\u00e1\u0161 d\u016fm je opravdu snad z dvac\u00e1t\u00e9ho stolet\u00ed, tak\u017ee si logicky dok\u00e1\u017eete p\u0159edstavit, jak asi vypad\u00e1 A v jak\u00e9m je stavu. On to byl nav\u00edc b\u00fdval\u00fd statek, kter\u00fd byl v roce 1940 p\u0159ed\u011bl\u00e1m na obytnou plochu. A od t\u00e9 doby se s n\u00edm nic ned\u011blo. Tak\u017ee je to opravdu hodn\u011b let, kdy se na tom, kdo nic ned\u011blalo. A taky to podle toho vypad\u00e1.A s bratrem jsme zkou\u0161eli r\u016fzn\u00e9 dodavatele, kte\u0159\u00ed by se n\u00e1m vyplatili, kte\u0159\u00ed by m\u011bli ale opravdu kvalitn\u00ed v\u00fdrobky, ale zase aby to nebylo moc drah\u00e9. Sice m\u016fj bratr na to pen\u00edze m\u00e1me, ale v\u017edycky je lep\u0161\u00ed, kdy se n\u011bkde u\u0161et\u0159\u00ed pen\u00edze, ne\u017e kdy\u017e v\u00e1m potom pen\u00edze chyb\u00ed. A tak bratr, proto\u017ee m\u00e1 dobr\u00e9 zku\u0161enosti s firmou imtts.cz, kde d\u011blaj\u00ed kvalitn\u00ed keramick\u00e9 komponenty a taky pracuj\u00ed s v\u00fdrobkem do dceram. Mysl\u00edm si, \u017ee pr\u00e1v\u011b v\u00fdroba kompozitn\u00edch materi\u00e1l\u016f z kvalitn\u00edho materi\u00e1lu doceram je pr\u00e1v\u011b \u00fapln\u011b ide\u00e1ln\u00ed pro v\u0161echny stavby anebo pro v\u0161echny zedn\u00edky a v\u00fdrobce a dal\u0161\u00edch v\u011bc\u00ed. Tady jde hlavn\u011b o to, aby v\u00fdroba kompletn\u00edch materi\u00e1lu prob\u00edhala podle v\u0161ech pravidel, tak jak m\u00e1, aby v\u0161echno bylo kvalitn\u00ed a podle p\u0159edstav. Mysl\u00edm si, \u017ee pr\u00e1v\u011b v\u00fdroba kompozitn\u00edch materi\u00e1l\u016f mus\u00ed b\u00fdt podle kupc\u016f a taky podle stavitel\u016f, z\u00e1kazn\u00edk\u016f, proto\u017ee jsem se dozv\u011bd\u011bla, \u017ee pr\u00e1v\u011b firmu imtts m\u00e1 r\u00e1do opravdu mnoho zedn\u00edk\u016f a d\u011bln\u00edk\u016f, proto\u017ee tam odeb\u00edraj\u00ed opravdu kvalitn\u00ed materi\u00e1ly. Dal\u0161\u00ed kompozitn\u00ed materi\u00e1ly jdou do dal\u0161\u00edch firem, kde se d\u00e1le vyu\u017e\u00edvaj\u00ed na r\u016fzn\u00e9 v\u011bci a kde se vyr\u016fstaj\u00ed v r\u016fzn\u00e9 jejich sou\u010d\u00e1stky. Tak\u017ee si mysl\u00edm, \u017ee to stoj\u00ed za to a v\u00fdroba kompozitn\u00edch materi\u00e1l\u016f je kvalitn\u00ed, proto\u017ee je vyu\u017e\u00edv\u00e1 opravdu hodn\u011b lid\u00ed, a to se cen\u00ed. Jsou r\u016fzn\u00e9 druhy v\u00fdrobk\u016f a kvalitn\u00edch materi\u00e1lu, kter\u00e9 najdete na internetu, hledejte ale kvalitu a skv\u011blou cenu.                                                                                                                                                                                                                                                                                                                                                                                          4.6\/5 - (8 votes)        "},{"@context":"https:\/\/schema.org\/","@type":"BreadcrumbList","itemListElement":[{"@type":"ListItem","position":1,"name":"Kvalitn\u00ed materi\u00e1ly","item":"https:\/\/www.celtica.cz\/kvalitni-materialy\/#breadcrumbitem"}]}]