[{"@context":"https:\/\/schema.org\/","@type":"Article","@id":"https:\/\/www.celtica.cz\/libi-se-vam-ze-vas-kamarad-jezdi-na-motorce\/#Article","mainEntityOfPage":"https:\/\/www.celtica.cz\/libi-se-vam-ze-vas-kamarad-jezdi-na-motorce\/","headline":"L\u00edb\u00ed se V\u00e1m, \u017ee V\u00e1\u0161 kamar\u00e1d jezd\u00ed na motorce?","name":"L\u00edb\u00ed se V\u00e1m, \u017ee V\u00e1\u0161 kamar\u00e1d jezd\u00ed na motorce?","description":"Jestli\u017ee se v\u00e1m l\u00edb\u00ed, \u017ee v\u00e1\u0161 kamar\u00e1d um\u00ed dob\u0159e jezdit na motorce a vy byste tak\u00e9 r\u00e1di jezdili, m\u011bli byste &hellip; ","datePublished":"2022-07-26","dateModified":"2023-06-14","author":{"@type":"Person","@id":"https:\/\/www.celtica.cz\/author\/#Person","name":"","url":"https:\/\/www.celtica.cz\/author\/","identifier":1,"image":{"@type":"ImageObject","@id":"https:\/\/secure.gravatar.com\/avatar\/da76ffe9456a057fb26f92cd8eb3d2effca853864e9ae2a35290bd1e10b1f7d4?s=96&d=mm&r=g","url":"https:\/\/secure.gravatar.com\/avatar\/da76ffe9456a057fb26f92cd8eb3d2effca853864e9ae2a35290bd1e10b1f7d4?s=96&d=mm&r=g","height":96,"width":96}},"publisher":{"@type":"Organization","name":"celtica.cz","logo":{"@type":"ImageObject","@id":"\/logo.png","url":"\/logo.png","width":600,"height":60}},"image":{"@type":"ImageObject","@id":"https:\/\/www.celtica.cz\/wp-content\/uploads\/motorka_7.JPG","url":"https:\/\/www.celtica.cz\/wp-content\/uploads\/motorka_7.JPG","height":0,"width":0},"url":"https:\/\/www.celtica.cz\/libi-se-vam-ze-vas-kamarad-jezdi-na-motorce\/","about":["Moto"],"wordCount":460,"articleBody":"Jestli\u017ee se v\u00e1m l\u00edb\u00ed, \u017ee v\u00e1\u0161 kamar\u00e1d um\u00ed dob\u0159e jezdit na motorce a vy byste tak\u00e9 r\u00e1di jezdili, m\u011bli byste se p\u0159ihl\u00e1sit do \u0161koly, kde v\u00e1s n\u011bco takov\u00e9ho nau\u010d\u00ed.Pokud byste do dan\u00e9 \u0161koly necht\u011bli p\u0159ij\u00edt s\u00a0t\u00edm, \u017ee se v\u00e1m je\u017ed\u011bn\u00ed na motorce l\u00edb\u00ed, ale nikdy jste na n\u011b\u010dem takov\u00e9m nejeli nebo jste si ani nic nevyzkou\u0161eli, ur\u010dit\u011b nebude probl\u00e9m va\u0161eho kamar\u00e1da poprosit, jestli by v\u00e1m na sv\u00e9 motorce vysv\u011btlil to z\u00e1kladn\u00ed a jestli by s\u00a0v\u00e1mi ud\u011blal proj\u00ed\u017e\u010fku. Ur\u010dit\u011b to pro dan\u00e9ho \u010dlov\u011bka nebude probl\u00e9m a to zejm\u00e9na, pokud byste mohli \u010dasem jezdit spolu.Jsou lid\u00e9, kte\u0159\u00ed rozhodn\u011b ocen\u00ed spole\u010dnost a to i p\u0159i j\u00edzd\u011b na motorce. Ur\u010dit\u011b jsou takov\u00e9 v\u00fdlety ve v\u00edce lidech lep\u0161\u00ed, ne\u017e kdy\u017e jede \u010dlov\u011bk n\u011bkam s\u00e1m a pot\u00e9 d\u00e1v\u00e1 na internet fotky sv\u00e9 motorky n\u011bkde u vody.\u00a0V\u00e1\u0161 kamar\u00e1d v\u00e1m jist\u011b vysv\u011btl\u00ed ty nejz\u00e1kladn\u011bj\u0161\u00ed v\u011bci, kter\u00e9 by m\u011bl zn\u00e1t ka\u017ed\u00fd, kdo chce pr\u00e1v\u011b na motorce jezdit. Ur\u010dit\u011b by bylo vhodn\u00e9, abyste si v\u0161e, co v\u00e1m dan\u00fd \u010dlov\u011bk uk\u00e1\u017ee, zapamatovali, proto\u017ee se v\u00e1m to bude hodit.N\u011b\u010deho takov\u00e9ho je ur\u010dit\u011b dobr\u00e9 vyu\u017e\u00edt, pokud m\u00e1te tu mo\u017enost, proto\u017ee se v\u00e1m tak nestane, \u017ee jakmile doraz\u00edte za \u010dlov\u011bkem, kter\u00fd v\u00e1s bude j\u00edzd\u00e1m u\u010dit, nebudete v\u011bd\u011bt, kter\u00e1 bije. Takov\u00fdch lid\u00ed je opravdu mnoho a jestli\u017ee nechcete b\u00fdt mezi nimi, m\u011bli byste vyu\u017e\u00edt toho, \u017ee m\u00e1te kolem sebe lidi, kte\u0159\u00ed na motorce jezd\u00ed a kte\u0159\u00ed jsou v\u00e1m schopni n\u011bco m\u00e1lo vysv\u011btlit a dokonce i uk\u00e1zat.Rad\u011bji nepo\u010d\u00edtejte s\u00a0t\u00edm, \u017ee by v\u00e1m v\u00e1\u0161 kamar\u00e1d p\u016fj\u010dil jeho motorku, abyste se nap\u0159\u00edklad projeli po parkovi\u0161ti zcela sami, ale v\u011bd\u011bt, kde se startuje nebo kde je brzda ur\u010dit\u011b nen\u00ed na \u0161kodu.\u00a0Uvid\u00edte, \u017ee pokud se nech\u00e1te alespo\u0148 \u010d\u00e1ste\u010dn\u011b zau\u010dit, nebudete m\u00edt v\u00a0auto\u0161kole takov\u00fd probl\u00e9m a to zejm\u00e9na prvn\u00ed hodinu. Budete ji\u017e n\u011bco m\u00e1lo v\u011bd\u011bt a to je jen dob\u0159e.\u00a0Je mo\u017en\u00e9, \u017ee dostanete od \u010dlov\u011bka, kter\u00fd v\u00e1\u0161 bude u\u010dit j\u00edzdy i pochvalu za to, \u017ee v\u00e1m to \u0161lo dob\u0159e. N\u011bco takov\u00e9ho v\u017edy velmi pot\u011b\u0161\u00ed a to zejm\u00e9na v\u00a0auto\u0161kole.                                                                                                                                                                                                                                                                                                                                                                                        4.3\/5 - (7 votes)        "},{"@context":"https:\/\/schema.org\/","@type":"BreadcrumbList","itemListElement":[{"@type":"ListItem","position":1,"name":"L\u00edb\u00ed se V\u00e1m, \u017ee V\u00e1\u0161 kamar\u00e1d jezd\u00ed na motorce?","item":"https:\/\/www.celtica.cz\/libi-se-vam-ze-vas-kamarad-jezdi-na-motorce\/#breadcrumbitem"}]}]