[{"@context":"https:\/\/schema.org\/","@type":"Article","@id":"https:\/\/www.celtica.cz\/mame-sidlo-firmy-v-brne\/#Article","mainEntityOfPage":"https:\/\/www.celtica.cz\/mame-sidlo-firmy-v-brne\/","headline":"M\u00e1me s\u00eddlo firmy v Brn\u011b","name":"M\u00e1me s\u00eddlo firmy v Brn\u011b","description":"Bydl\u00edte na venkov\u011b a r\u00e1di byste za\u010dali podnikat? M\u00e1te vytvo\u0159en\u00fd koncept a jakousi p\u0159edstavu o va\u0161\u00ed \u010dinnosti a nic v\u00e1m &hellip; ","datePublished":"2024-12-15","dateModified":"2024-12-15","author":{"@type":"Person","@id":"https:\/\/www.celtica.cz\/author\/#Person","name":"","url":"https:\/\/www.celtica.cz\/author\/","identifier":1,"image":{"@type":"ImageObject","@id":"https:\/\/secure.gravatar.com\/avatar\/da76ffe9456a057fb26f92cd8eb3d2effca853864e9ae2a35290bd1e10b1f7d4?s=96&d=mm&r=g","url":"https:\/\/secure.gravatar.com\/avatar\/da76ffe9456a057fb26f92cd8eb3d2effca853864e9ae2a35290bd1e10b1f7d4?s=96&d=mm&r=g","height":96,"width":96}},"publisher":{"@type":"Organization","name":"celtica.cz","logo":{"@type":"ImageObject","@id":"\/logo.png","url":"\/logo.png","width":600,"height":60}},"image":{"@type":"ImageObject","@id":"https:\/\/www.celtica.cz\/wp-content\/uploads\/castle-7487913_640.jpg","url":"https:\/\/www.celtica.cz\/wp-content\/uploads\/castle-7487913_640.jpg","height":0,"width":0},"url":"https:\/\/www.celtica.cz\/mame-sidlo-firmy-v-brne\/","about":["Podnik\u00e1n\u00ed"],"wordCount":452,"articleBody":"      Bydl\u00edte na venkov\u011b a r\u00e1di byste za\u010dali podnikat? M\u00e1te vytvo\u0159en\u00fd koncept a jakousi p\u0159edstavu o va\u0161\u00ed \u010dinnosti a nic v\u00e1m nebr\u00e1n\u00ed ve va\u0161em \u00fasil\u00ed pustit se do pr\u00e1ce? Pak ov\u0161em mus\u00edte mimo jin\u00e9 nahl\u00e1sit na finan\u010dn\u00edm \u00fa\u0159ad\u011b s\u00eddlo va\u0161\u00ed firmy, kter\u00e9 bude zapsan\u00e9 v obchodn\u00edm rejst\u0159\u00edku, a zde m\u00e1te n\u011bkolik mo\u017enost\u00ed. Sou\u010dasn\u00e1 legislativa umo\u017e\u0148uje z\u0159\u00eddit s\u00eddlo firmy i mimo va\u0161e trval\u00e9 bydli\u0161t\u011b, v podstat\u011b kdekoli v\u00e1s napadne, na jak\u00e9koli re\u00e1ln\u00e9 adrese. V\u00fdhodn\u00e9 je v tomto sm\u011bru nap\u0159\u00edklad s\u00eddlo firmy v Brn\u011b, jestli\u017ee bydl\u00edte bl\u00edzko m\u011bsta ve venkovsk\u00e9 oblasti a nem\u00e1te to do Brna daleko.N\u011bkter\u00e1 virtu\u00e1ln\u00ed s\u00eddla firem nab\u00edz\u00ed sv\u00fdm klient\u016fm mo\u017enost vyu\u017e\u00edt zasedac\u00ed m\u00edstnost, kde se daj\u00ed vy\u0159izovat slu\u017eebn\u00ed z\u00e1le\u017eitosti, jako jsou obchodn\u00ed \u010di provozn\u00ed jedn\u00e1n\u00ed, \u0161kolen\u00ed zam\u011bstnanc\u016f, firemn\u00ed prezentace v\u00fdrobk\u016f a slu\u017eeb atd. Je zde k dispozici skute\u010dn\u00e1 kancel\u00e1\u0159 vybaven\u00e1 n\u00e1bytkem, kuchy\u0148ka a toaleta a prostory se nach\u00e1z\u00ed v reprezentativn\u00edm prost\u0159ed\u00ed, kde lze s va\u0161imi partnery \u010di jin\u00fdmi hosty zaj\u00edt do restaurace na ob\u011bd, prohl\u00e9dnout si n\u011bkter\u00e9 m\u011bstsk\u00e9 pam\u00e1tky nebo tr\u00e1vit voln\u00fd \u010das v m\u011bstsk\u00fdch parc\u00edch. S\u00eddla firem mimo bydli\u0161t\u011b jsou v\u00fdhodn\u00e1 i z d\u016fvodu zaji\u0161t\u011bn\u00ed naprost\u00e9 anonymity, d\u00edky tomu se vyhnete pot\u00ed\u017e\u00edm, kter\u00e9 mohou nastat v okam\u017eiku, kdy o sv\u00e9 \u010dinnosti d\u00e1te na v\u011bdom\u00ed lidem ve va\u0161em okol\u00ed. Jestli\u017ee se o va\u0161em podnik\u00e1n\u00ed a hlavn\u011b o va\u0161ich \u00fasp\u011b\u0161\u00edch dozv\u00ed z\u00e1vistiv\u00e1 osoba, m\u016f\u017ee v\u00e1m b\u00fdt i nebezpe\u010dn\u00e1, ze z\u00e1visti lid\u00e9 p\u00e1chaj\u00ed i trestnou \u010dinnost a z\u00e1vist tak\u00e9 b\u00fdv\u00e1 vd\u011b\u010dn\u00fdm t\u00e9matem filma\u0159\u016f, nap\u0159\u00edklad zn\u00e1te-li poh\u00e1dku Nesmrteln\u00e1 teta z roku 1993, tam se o z\u00e1visti pojedn\u00e1v\u00e1 ve zna\u010dn\u00e9m rozsahu. Anonymita Brna je pro podnikatele d\u016fle\u017eit\u00e1 i pro v\u011bt\u0161\u00ed klid na pr\u00e1ci, nikdo v\u00e1m tu nebude kl\u00e1st klacky pod nohy a znep\u0159\u00edjem\u0148ovat \u017eivot sv\u00fdmi v\u00fdpady, budete se tu moci soust\u0159edit na to podstatn\u00e9 a z\u00e1rove\u0148 sn\u00ed\u017e\u00edte pravd\u011bpodobnost kontroly z finan\u010dn\u00edho \u00fa\u0159adu, nebo\u0165 s\u00eddel firem ve velk\u00fdch m\u011bstech je mnoho a nap\u0159\u00edklad v Praze je pravd\u011bpodobnost n\u00e1v\u0161t\u011bvy kontrolor\u016f z finan\u010d\u00e1ku zhruba jednou za sto a\u017e dv\u011b st\u011b let.                                                                                                                                                                                                                                                                                                                                                                                          3.8\/5 - (5 votes)        "},{"@context":"https:\/\/schema.org\/","@type":"BreadcrumbList","itemListElement":[{"@type":"ListItem","position":1,"name":"M\u00e1me s\u00eddlo firmy v Brn\u011b","item":"https:\/\/www.celtica.cz\/mame-sidlo-firmy-v-brne\/#breadcrumbitem"}]}]