[{"@context":"https:\/\/schema.org\/","@type":"Article","@id":"https:\/\/www.celtica.cz\/mit-deti-nemit-deti-nemit-moznost-mit-deti\/#Article","mainEntityOfPage":"https:\/\/www.celtica.cz\/mit-deti-nemit-deti-nemit-moznost-mit-deti\/","headline":"M\u00edt d\u011bti, Nem\u00edt d\u011bti, Nem\u00edt mo\u017enost m\u00edt d\u011bti","name":"M\u00edt d\u011bti, Nem\u00edt d\u011bti, Nem\u00edt mo\u017enost m\u00edt d\u011bti","description":"Jak bude n\u00e1\u0161 \u017eivot prob\u00edhat, z\u00e1le\u017e\u00ed na n\u00e1s. Rozhodujeme nejen o mali\u010dkostech, ale i momentech, kter\u00e9 jsou pro n\u00e1s prioritn\u00ed. &hellip; ","datePublished":"2021-11-10","dateModified":"2021-11-10","author":{"@type":"Person","@id":"https:\/\/www.celtica.cz\/author\/#Person","name":"","url":"https:\/\/www.celtica.cz\/author\/","identifier":1,"image":{"@type":"ImageObject","@id":"https:\/\/secure.gravatar.com\/avatar\/da76ffe9456a057fb26f92cd8eb3d2effca853864e9ae2a35290bd1e10b1f7d4?s=96&d=mm&r=g","url":"https:\/\/secure.gravatar.com\/avatar\/da76ffe9456a057fb26f92cd8eb3d2effca853864e9ae2a35290bd1e10b1f7d4?s=96&d=mm&r=g","height":96,"width":96}},"publisher":{"@type":"Organization","name":"celtica.cz","logo":{"@type":"ImageObject","@id":"\/logo.png","url":"\/logo.png","width":600,"height":60}},"image":{"@type":"ImageObject","@id":"https:\/\/www.celtica.cz\/wp-content\/uploads\/entrepreneur-4101952_960_720.jpg","url":"https:\/\/www.celtica.cz\/wp-content\/uploads\/entrepreneur-4101952_960_720.jpg","height":0,"width":0},"url":"https:\/\/www.celtica.cz\/mit-deti-nemit-deti-nemit-moznost-mit-deti\/","about":["D\u011bti"],"wordCount":724,"articleBody":"Jak bude n\u00e1\u0161 \u017eivot prob\u00edhat, z\u00e1le\u017e\u00ed na n\u00e1s. Rozhodujeme nejen o mali\u010dkostech, ale i momentech, kter\u00e9 jsou pro n\u00e1s prioritn\u00ed. M\u00e1me jednu \u0161anci \u017eivota, se kterou nakl\u00e1d\u00e1me podle vlastn\u00edho uv\u00e1\u017een\u00ed. Tak jak je pro n\u011bkter\u00e9 dosta\u010duj\u00edc\u00ed n\u00e1pln\u00ed \u017eivota kari\u00e9ra, jin\u00fdm z\u00e1le\u017e\u00ed na rodinn\u00e9m z\u00e1zem\u00ed, kter\u00e9 pro n\u011b znamen\u00e1 v\u00edc, ne\u017e kari\u00e9rn\u00ed r\u016fst. To \u017ee se rozhodneme pro zalo\u017een\u00ed rodiny, nemus\u00ed znamenat konec sv\u011bta, jak se n\u011bkter\u00fdm zd\u00e1. I kdy\u017e nen\u00ed jednoduch\u00e9 spojit pr\u00e1ci s rodinou, najdou se v\u017edy kompromisy, ve kter\u00fdch jsme schopni kli\u010dkovat.KARI\u00c9RA NA PRVN\u00cd M\u00cdST\u011a, D\u00cdT\u011a NE!Zast\u00e1nci rodinn\u00e9ho \u017eivota, tohle neradi sly\u0161\u00ed. I kdy\u017e je to na\u0161e rozhodnut\u00ed, ka\u017ed\u00fd by si t\u00edmto verdiktem m\u011bl b\u00fdt jist\u00fd. M\u016f\u017eete p\u00e1r let oddalovat, zda m\u00edt \u010di nem\u00edt rodinu, ale nejde to donekone\u010dna. P\u0159ece jenom jsme lidi, ale p\u0159ece nechcete zakl\u00e1dat rodinu v pades\u00e1ti. Tak jako my, si nedok\u00e1\u017eeme p\u0159edstavit nem\u00edt d\u011bti, opa\u010dn\u00e1 strana to m\u00e1 stejn\u011b. Je pro n\u011b nep\u0159edstaviteln\u00e9 m\u00edt d\u011bti, proto\u017ee t\u0159eba pr\u00e1v\u011b ta kari\u00e9ra je pro n\u011b takov\u00e9 d\u00edt\u011b. \u017dij\u00ed svoj\u00ed prac\u00ed, proto\u017ee to byla jejich volba, kter\u00e1 byla dobrovoln\u00e1. Rozhodli se pro\u017e\u00edt profesn\u00ed \u017eivot, tak jako my se ho rozhodli pro\u017e\u00edt s d\u00edt\u011btem.D\u00cdT\u011a \u017dIVOTN\u00cd PRIORITOU, BEZ KTER\u00c9 SI TO NEUM\u00cdME P\u0158EDSTAVITPro d\u00edt\u011b se rozhodujeme z \u010dist\u00e9 l\u00e1sky a proto\u017ee to tak c\u00edt\u00edme. Na\u0161e p\u0159edstava rodinn\u00e9ho \u017eivota, kter\u00e1 n\u00e1s \u010din\u00ed \u0161\u0165astn\u00fdmi a nelze ni\u010d\u00edm nahradit. D\u00edt\u011b je nositelem na\u0161eho jm\u00e9na. Odkazem, kter\u00fd tu z\u016fstane po t\u00e9, a\u017e my tu nebudeme. Napl\u0148uje je n\u00e1s nepopsateln\u00fdm zp\u016fsobem l\u00e1sky, \u0161t\u011bst\u00ed, hrdost\u00ed, kterou nelze ni\u010d\u00edm zam\u011bnit. Tak jako my d\u00edt\u011b u\u010d\u00edme v\u0161e od sam\u00e9ho za\u010d\u00e1tku, d\u00edt\u011b u\u010d\u00ed n\u00e1s lep\u0161\u00edmu \u017eivotu. I kdy\u017e d\u011bti p\u0159edstavuj\u00ed starost, maj\u00ed b\u00fdt pro n\u00e1s p\u0159edev\u0161\u00edm radost\u00ed, kterou n\u00e1m vnesli do \u017eivota.D\u011aTI NEM\u00c1M R\u00c1D\/A, NECHCI JE!Je skupina lid\u00ed, co o d\u011btech necht\u011bj\u00ed ani sly\u0161et. Maj\u00ed r\u00e1di svoji svobodu, kterou by s d\u00edt\u011btem nem\u011bli. Je to ur\u010dit\u00e1 sobeckost lid\u00ed? Je to pohodlnost? Nebo je nemaj\u00ed z nezi\u0161tn\u00e9ho d\u016fvodu r\u00e1di? Ur\u010dit\u011b zn\u00e1te alespo\u0148 jednu osobu, kter\u00e1 nem\u00e1 \u017e\u00e1dn\u00e9 city k d\u011btem. P\u0159edstava d\u00edt\u011bte, v nich vyvol\u00e1 pocit \u00fazkosti a p\u0159ed t\u00edmto t\u00e9matem zdrhaj\u00ed. Je v\u016fbec mo\u017en\u00e9, nem\u00edt r\u00e1d d\u011bti? Nebo je to \u00fapln\u011b jinak? Co kdy\u017e jim na sam\u00e9m konci v\u016fbec d\u011bti nevad\u00ed? Mohou t\u00edm maskovat pouh\u00fd strach. Strach s nezn\u00e1ma a zodpov\u011bdnosti, kter\u00e1 je k d\u00edt\u011bti v\u00e1\u017ee.NEM\u016e\u017dEME M\u00cdT D\u011aTI, ALE MY JE TAK MOC CHCEMESmutn\u00e1 skupinka lid\u00ed, co tou\u017e\u00ed po d\u00edt\u011bti, ale jejich zdravotn\u00ed stav jim to neumo\u017e\u0148uje. Je to jejich nejv\u011bt\u0161\u00ed p\u0159\u00e1n\u00ed, kter\u00e9 jim bohu\u017eel bojkotuj\u00ed zdravotn\u00ed probl\u00e9my. Tito p\u00e1ry by dali v\u0161echno za to, aby mohli b\u00fdt rodina. I kdy\u017e jsou mo\u017enosti, jak z p\u00e1ru ud\u011blat rodinu, nen\u00ed to v\u017edy tak prost\u00e9. Ne\u0161t\u011bst\u00ed, kter\u00e9 je prov\u00e1z\u00ed \u017eivotem a se kter\u00fdm se mus\u00ed u\u010dit \u017e\u00edt.Ka\u017ed\u00fd p\u00e1r na cel\u00e9m sv\u011bt\u011b, by si m\u011bl v\u00e1\u017eit toho, \u017ee m\u016f\u017ee m\u00edt d\u00edt\u011b. Te\u010f si polo\u017ete jednoduchou ot\u00e1zku. Co pro V\u00e1s znamen\u00e1 rodina? T\u0159eba zjist\u00edte, \u017ee jste ji vn\u00edmali pon\u011bkud jinak, ne\u017e by se o\u010dek\u00e1valo. Nikdo z n\u00e1s by nem\u011bl d\u011bti br\u00e1t jako v\u011bc, kterou m\u016f\u017eeme m\u00edt neta\u017een\u00edm ruky. Bu\u010fme vd\u011b\u010dni za to, \u017ee m\u016f\u017eeme pro\u017e\u00edvat \u017eivot s na\u0161imi d\u011btmi. Na konci \u017eivota, V\u00e1m toti\u017e nez\u016fstane nic, krom\u011b Va\u0161ich d\u011bt\u00ed.                                                                                                                                                                                                                                                                                                                                                                                        3.4\/5 - (5 votes)        "},{"@context":"https:\/\/schema.org\/","@type":"BreadcrumbList","itemListElement":[{"@type":"ListItem","position":1,"name":"M\u00edt d\u011bti, Nem\u00edt d\u011bti, Nem\u00edt mo\u017enost m\u00edt d\u011bti","item":"https:\/\/www.celtica.cz\/mit-deti-nemit-deti-nemit-moznost-mit-deti\/#breadcrumbitem"}]}]