[{"@context":"https:\/\/schema.org\/","@type":"Article","@id":"https:\/\/www.celtica.cz\/moje-krasna-zahrada\/#Article","mainEntityOfPage":"https:\/\/www.celtica.cz\/moje-krasna-zahrada\/","headline":"Moje kr\u00e1sn\u00e1 zahrada","name":"Moje kr\u00e1sn\u00e1 zahrada","description":"J\u00e1 si mysl\u00edm, \u017ee ka\u017ed\u00fd \u010dlov\u011bk by cht\u011bl m\u00edt zahradu. Nebo \u010demu byste dali p\u0159ednost? M\u00edt mal\u00fd byt, kde nemus\u00edte &hellip; ","datePublished":"2023-05-28","dateModified":"2023-05-28","author":{"@type":"Person","@id":"https:\/\/www.celtica.cz\/author\/#Person","name":"","url":"https:\/\/www.celtica.cz\/author\/","identifier":1,"image":{"@type":"ImageObject","@id":"https:\/\/secure.gravatar.com\/avatar\/da76ffe9456a057fb26f92cd8eb3d2effca853864e9ae2a35290bd1e10b1f7d4?s=96&d=mm&r=g","url":"https:\/\/secure.gravatar.com\/avatar\/da76ffe9456a057fb26f92cd8eb3d2effca853864e9ae2a35290bd1e10b1f7d4?s=96&d=mm&r=g","height":96,"width":96}},"publisher":{"@type":"Organization","name":"celtica.cz","logo":{"@type":"ImageObject","@id":"\/logo.png","url":"\/logo.png","width":600,"height":60}},"image":{"@type":"ImageObject","@id":"https:\/\/www.celtica.cz\/wp-content\/uploads\/child-1867463_1280_1.jpg","url":"https:\/\/www.celtica.cz\/wp-content\/uploads\/child-1867463_1280_1.jpg","height":0,"width":0},"url":"https:\/\/www.celtica.cz\/moje-krasna-zahrada\/","about":["Zahrada a d\u016fm"],"wordCount":469,"articleBody":"J\u00e1 si mysl\u00edm, \u017ee ka\u017ed\u00fd \u010dlov\u011bk by cht\u011bl m\u00edt zahradu. Nebo \u010demu byste dali p\u0159ednost? M\u00edt mal\u00fd byt, kde nemus\u00edte \u0159e\u0161it velice \u010dasto opravy, anebo velik\u00fd d\u016fm se zahradou, kde byste se mohli v l\u00e9t\u011b opalovat? Ale tak\u00e9 byste museli p\u0159em\u00fd\u0161let nad t\u00edm, kdo by se staral o tr\u00e1vn\u00edk, proto\u017ee zn\u00e1m mnoho lid\u00ed, kte\u0159\u00ed si po\u0159\u00eddili velik\u00fd d\u016fm a je\u0161t\u011b v\u011bt\u0161\u00ed zahradu, a to hlavn\u011b kv\u016fli tomu, \u017ee se cht\u011bli pr\u00e1v\u011b v l\u00e9t\u011b opalovat a nebo si\u00a0tak\u00e9 cht\u011bli potvrdit n\u011bjak\u00fd kr\u00e1sn\u00fd zahradn\u00ed n\u00e1bytek. Nakonec to ale potom dopadlo tak, \u017ee nikdo se necht\u011bl v\u016fbec starat o zahradu, tak\u017ee to dopadalo tak, \u017ee v\u011bt\u0161ina zahrady byla opravdu hodn\u011b zanedban\u00e1.Vypadalo to v\u00e1\u017en\u011b d\u011bsn\u011b. Proto jsem si \u0159ekla, \u017ee kdyby bylo na m\u011b, tak bych si rad\u011bji po\u0159\u00eddila n\u011bjak\u00fd men\u0161\u00ed byt,\u00a0kter\u00fd by se opravdu l\u00e9pe a jednodu\u0161e udr\u017eoval. Necht\u011bla bych m\u00edt velikou zahradu, o kterou bych se nestarala a kter\u00e1 by potom vypadala opravdu d\u011bsn\u011b. Proto jsem r\u00e1da, \u017ee jsou r\u016fzn\u00e9 mo\u017enosti, jak \u010dlov\u011bk m\u016f\u017ee bydlet. V mal\u00e9m byt\u011b a nebo ve velk\u00e9m dom\u011b s je\u0161t\u011b v\u011bt\u0161\u00ed zahradou. Tohle ale byl v\u017edycky m\u016fj sen. V\u017edycky jsem cht\u011bla bydlet ve velk\u00e9m dom\u011b, kde bude tak\u00e9 velik\u00e1 zahrada. Jenom\u017ee jak tohle ud\u011blat? Je jasn\u00e9, \u017ee kdy\u017e lid\u00e9 maj\u00ed m\u00e1lo pen\u011bz, tak jedin\u011b mus\u00ed bydlet t\u0159eba v n\u00e1jmu.Sice i n\u00e1jmy jsou drah\u00e9, ale kdy\u017e t\u0159eba \u010dlov\u011bk nem\u00e1 pen\u00edze na hypot\u00e9ku, tak mu asi nic jin\u00e9ho nezbyde, ne\u017e bu\u010fto bydlet u rodi\u010d\u016f a nebo u p\u0159\u00e1tel a nebo si sehnat n\u011bjak\u00fd mal\u00fd byt a nebo garsonku, kde bude bydlet za mal\u00fd n\u00e1jem. A\u00a0potom n\u011bkdy v budoucnu, a\u017e se mu finan\u010dn\u011b poda\u0159\u00ed, tak si m\u016f\u017ee vz\u00edt na hypot\u00e9ku n\u011bjak\u00fd d\u016fm a nebo si koupit t\u0159eba chatu a nebo si koupit jenom zahradu. Tohle u\u017e bych nechala na v\u00e1s, jak\u00a0byste se vy rozhodli.\u00a0A co by pro v\u00e1s bylo nejv\u00edce p\u0159ijateln\u00e9? A co by v\u00e1m nejv\u00edce vyhovovalo? Mn\u011b pr\u00e1v\u011b vyhovuje zahrada a velik\u00fd d\u016fm, a to hlavn\u011b z toho d\u016fvodu, \u017ee j\u00e1 jako mal\u00e1 holka jsem se narodila\u00a0a tak\u00e9\u00a0jsem vyr\u016fstala na vesnici. M\u011bli jsme tam opravdu velikou zahradu. Zahradu\u00a0jak vep\u0159edu p\u0159ed vchodem, tak tak\u00e9 vzadu za bar\u00e1kem, kde\u00a0jsme m\u011bli slepice a tak\u00e9 husy a kr\u00e1l\u00edky.\u00a0                                                                                                                                                                                                                                                                                                                                                                                        4.6\/5 - (7 votes)        "},{"@context":"https:\/\/schema.org\/","@type":"BreadcrumbList","itemListElement":[{"@type":"ListItem","position":1,"name":"Moje kr\u00e1sn\u00e1 zahrada","item":"https:\/\/www.celtica.cz\/moje-krasna-zahrada\/#breadcrumbitem"}]}]