{"@context":"https:\/\/schema.org\/","@type":"CollectionPage","@id":"https:\/\/www.celtica.cz\/moto\/#CollectionPage","headline":"Moto Category","description":"","url":"https:\/\/www.celtica.cz\/moto\/","hasPart":[{"@type":"Article","@id":"https:\/\/www.celtica.cz\/motorka-a-automobil\/","headline":"Motorka a automobil","url":"https:\/\/www.celtica.cz\/motorka-a-automobil\/","datePublished":"2023-10-24","dateModified":"2023-10-24","mainEntityOfPage":"https:\/\/www.celtica.cz\/motorka-a-automobil\/","author":{"@type":"Person","@id":"https:\/\/www.celtica.cz\/author\/#Person","name":"","url":"https:\/\/www.celtica.cz\/author\/","identifier":1,"image":{"@type":"ImageObject","@id":"https:\/\/secure.gravatar.com\/avatar\/da76ffe9456a057fb26f92cd8eb3d2effca853864e9ae2a35290bd1e10b1f7d4?s=96&d=mm&r=g","url":"https:\/\/secure.gravatar.com\/avatar\/da76ffe9456a057fb26f92cd8eb3d2effca853864e9ae2a35290bd1e10b1f7d4?s=96&d=mm&r=g","height":96,"width":96}},"publisher":{"@type":"Organization","name":"celtica.cz","logo":{"@type":"ImageObject","@id":"\/logo.png","url":"\/logo.png","width":600,"height":60}},"image":{"@type":"ImageObject","@id":"https:\/\/www.celtica.cz\/wp-content\/uploads\/crime-scene-6490202_1280.jpg","url":"https:\/\/www.celtica.cz\/wp-content\/uploads\/crime-scene-6490202_1280.jpg","height":0,"width":0},"keywords":null},{"@type":"Article","@id":"https:\/\/www.celtica.cz\/motorka-a-zacatecnik\/","headline":"Motorka a za\u010d\u00e1te\u010dn\u00edk","url":"https:\/\/www.celtica.cz\/motorka-a-zacatecnik\/","datePublished":"2023-09-23","dateModified":"2024-04-23","mainEntityOfPage":"https:\/\/www.celtica.cz\/motorka-a-zacatecnik\/","author":{"@type":"Person","@id":"https:\/\/www.celtica.cz\/author\/#Person","name":"","url":"https:\/\/www.celtica.cz\/author\/","identifier":1,"image":{"@type":"ImageObject","@id":"https:\/\/secure.gravatar.com\/avatar\/da76ffe9456a057fb26f92cd8eb3d2effca853864e9ae2a35290bd1e10b1f7d4?s=96&d=mm&r=g","url":"https:\/\/secure.gravatar.com\/avatar\/da76ffe9456a057fb26f92cd8eb3d2effca853864e9ae2a35290bd1e10b1f7d4?s=96&d=mm&r=g","height":96,"width":96}},"publisher":{"@type":"Organization","name":"celtica.cz","logo":{"@type":"ImageObject","@id":"\/logo.png","url":"\/logo.png","width":600,"height":60}},"image":{"@type":"ImageObject","@id":"https:\/\/www.celtica.cz\/wp-content\/uploads\/bmw-1313343_1280_4.jpg","url":"https:\/\/www.celtica.cz\/wp-content\/uploads\/bmw-1313343_1280_4.jpg","height":0,"width":0},"keywords":null},{"@type":"Article","@id":"https:\/\/www.celtica.cz\/libi-se-vam-ze-vas-kamarad-jezdi-na-motorce\/","headline":"L\u00edb\u00ed se V\u00e1m, \u017ee V\u00e1\u0161 kamar\u00e1d jezd\u00ed na motorce?","url":"https:\/\/www.celtica.cz\/libi-se-vam-ze-vas-kamarad-jezdi-na-motorce\/","datePublished":"2022-07-26","dateModified":"2023-06-14","mainEntityOfPage":"https:\/\/www.celtica.cz\/libi-se-vam-ze-vas-kamarad-jezdi-na-motorce\/","author":{"@type":"Person","@id":"https:\/\/www.celtica.cz\/author\/#Person","name":"","url":"https:\/\/www.celtica.cz\/author\/","identifier":1,"image":{"@type":"ImageObject","@id":"https:\/\/secure.gravatar.com\/avatar\/da76ffe9456a057fb26f92cd8eb3d2effca853864e9ae2a35290bd1e10b1f7d4?s=96&d=mm&r=g","url":"https:\/\/secure.gravatar.com\/avatar\/da76ffe9456a057fb26f92cd8eb3d2effca853864e9ae2a35290bd1e10b1f7d4?s=96&d=mm&r=g","height":96,"width":96}},"publisher":{"@type":"Organization","name":"celtica.cz","logo":{"@type":"ImageObject","@id":"\/logo.png","url":"\/logo.png","width":600,"height":60}},"image":{"@type":"ImageObject","@id":"https:\/\/www.celtica.cz\/wp-content\/uploads\/motorka_7.JPG","url":"https:\/\/www.celtica.cz\/wp-content\/uploads\/motorka_7.JPG","height":0,"width":0},"keywords":null},{"@type":"Article","@id":"https:\/\/www.celtica.cz\/motorkari-a-jejich-jezdeni-po-cestach\/","headline":"Motork\u00e1\u0159i a jejich je\u017ed\u011bn\u00ed po cest\u00e1ch","url":"https:\/\/www.celtica.cz\/motorkari-a-jejich-jezdeni-po-cestach\/","datePublished":"2022-07-25","dateModified":"2022-07-25","mainEntityOfPage":"https:\/\/www.celtica.cz\/motorkari-a-jejich-jezdeni-po-cestach\/","author":{"@type":"Person","@id":"https:\/\/www.celtica.cz\/author\/#Person","name":"","url":"https:\/\/www.celtica.cz\/author\/","identifier":1,"image":{"@type":"ImageObject","@id":"https:\/\/secure.gravatar.com\/avatar\/da76ffe9456a057fb26f92cd8eb3d2effca853864e9ae2a35290bd1e10b1f7d4?s=96&d=mm&r=g","url":"https:\/\/secure.gravatar.com\/avatar\/da76ffe9456a057fb26f92cd8eb3d2effca853864e9ae2a35290bd1e10b1f7d4?s=96&d=mm&r=g","height":96,"width":96}},"publisher":{"@type":"Organization","name":"celtica.cz","logo":{"@type":"ImageObject","@id":"\/logo.png","url":"\/logo.png","width":600,"height":60}},"image":{"@type":"ImageObject","@id":"https:\/\/www.celtica.cz\/wp-content\/uploads\/motorka_10_1.JPG","url":"https:\/\/www.celtica.cz\/wp-content\/uploads\/motorka_10_1.JPG","height":0,"width":0},"keywords":null},{"@type":"Article","@id":"https:\/\/www.celtica.cz\/vydejte-se-na-motorce-po-cesku\/","headline":"Vydejte se na motorce po \u010cesku","url":"https:\/\/www.celtica.cz\/vydejte-se-na-motorce-po-cesku\/","datePublished":"2022-05-05","dateModified":"2023-06-14","mainEntityOfPage":"https:\/\/www.celtica.cz\/vydejte-se-na-motorce-po-cesku\/","author":{"@type":"Person","@id":"https:\/\/www.celtica.cz\/author\/#Person","name":"","url":"https:\/\/www.celtica.cz\/author\/","identifier":1,"image":{"@type":"ImageObject","@id":"https:\/\/secure.gravatar.com\/avatar\/da76ffe9456a057fb26f92cd8eb3d2effca853864e9ae2a35290bd1e10b1f7d4?s=96&d=mm&r=g","url":"https:\/\/secure.gravatar.com\/avatar\/da76ffe9456a057fb26f92cd8eb3d2effca853864e9ae2a35290bd1e10b1f7d4?s=96&d=mm&r=g","height":96,"width":96}},"publisher":{"@type":"Organization","name":"celtica.cz","logo":{"@type":"ImageObject","@id":"\/logo.png","url":"\/logo.png","width":600,"height":60}},"image":{"@type":"ImageObject","@id":"https:\/\/www.celtica.cz\/wp-content\/uploads\/pexels-photo-1715185.jpeg","url":"https:\/\/www.celtica.cz\/wp-content\/uploads\/pexels-photo-1715185.jpeg","height":0,"width":0},"keywords":null}]}