[{"@context":"https:\/\/schema.org\/","@type":"Article","@id":"https:\/\/www.celtica.cz\/motorka-a-automobil\/#Article","mainEntityOfPage":"https:\/\/www.celtica.cz\/motorka-a-automobil\/","headline":"Motorka a automobil","name":"Motorka a automobil","description":"Vzpom\u00edn\u00e1m si, kdy\u017e mi m\u016fj bratr volal, a\u0165 pro n\u011bj p\u0159ijedu, proto\u017ee boural sv\u016fj automobil. Byla jsem opravdu v \u0161oku, &hellip; ","datePublished":"2023-10-24","dateModified":"2023-10-24","author":{"@type":"Person","@id":"https:\/\/www.celtica.cz\/author\/#Person","name":"","url":"https:\/\/www.celtica.cz\/author\/","identifier":1,"image":{"@type":"ImageObject","@id":"https:\/\/secure.gravatar.com\/avatar\/da76ffe9456a057fb26f92cd8eb3d2effca853864e9ae2a35290bd1e10b1f7d4?s=96&d=mm&r=g","url":"https:\/\/secure.gravatar.com\/avatar\/da76ffe9456a057fb26f92cd8eb3d2effca853864e9ae2a35290bd1e10b1f7d4?s=96&d=mm&r=g","height":96,"width":96}},"publisher":{"@type":"Organization","name":"celtica.cz","logo":{"@type":"ImageObject","@id":"\/logo.png","url":"\/logo.png","width":600,"height":60}},"image":{"@type":"ImageObject","@id":"https:\/\/www.celtica.cz\/wp-content\/uploads\/crime-scene-6490202_1280.jpg","url":"https:\/\/www.celtica.cz\/wp-content\/uploads\/crime-scene-6490202_1280.jpg","height":0,"width":0},"url":"https:\/\/www.celtica.cz\/motorka-a-automobil\/","about":["Moto"],"wordCount":426,"articleBody":"Vzpom\u00edn\u00e1m si, kdy\u017e mi m\u016fj bratr volal, a\u0165 pro n\u011bj p\u0159ijedu, proto\u017ee boural sv\u016fj automobil. Byla jsem opravdu v \u0161oku, jak se m\u016fj bratr m\u016f\u017ee vybojovat v automobilu, kdy\u017e jezd\u00ed u\u017e opravdu hodn\u011b dlouho, potom mi \u0159ekl, \u017ee do n\u011bj narazila motorka. Byla jsem opravdu p\u0159ekvapen\u00e1. Z hrozilo m\u011b to. Doufala jsem, \u017ee t\u0159eba motork\u00e1\u0159 p\u0159e\u017eil. Kdy\u017e mi potom bratr \u0159\u00edkal, \u017ee v\u0161echno je v po\u0159\u00e1dku, ale \u017ee je v \u0161oku, tak jsem pro n\u011bj rychle jela. Vid\u011bla jsem tam i sanitku motork\u00e1\u0159e zrovna nakl\u00e1dali do sanitky. Byla jsem v \u0161oku, tohle se snad ani nemohlo st\u00e1t. Myslela jsem si, \u017ee jsem v n\u011bjak\u00e9m \u0161patn\u00e9m a zl\u00e9m snu, \u017ee je to n\u011bjak\u00e1 no\u010dn\u00ed m\u016fra. Potom mi bratr \u0159ekl, \u017ee ten motork\u00e1\u0159. Nedal v\u016fbec p\u0159ednost a \u017ee norm\u00e1ln\u011b jel a motork\u00e1\u0159 na n\u011bj napral p\u0159\u00edmo z boku. Bratr byl r\u00e1d, \u017ee to narval pr\u00fd do jeho boku, kde sed\u011bl spolujezdec, ale na\u0161t\u011bst\u00ed m\u00edsto spolujezdce bylo opravdu pr\u00e1zdn\u00e9. Mysl\u00edm si, \u017ee kdyby tam n\u011bkdo sed\u011bl, \u017ee to asi nedopadne dob\u0159e, ale doufala bych, \u017ee by to dopadlo dob\u0159e. M\u016fj bratr \u0159ekl, \u017ee te\u010fka u\u017e se bude b\u00e1t \u0159\u00eddit. \u017de\u00a0i kdy\u017e bude v\u011bd\u011bt, \u017ee m\u00e1 p\u0159ednost, \u017ee rad\u011bji bude \u010dekat bratrovi jsem \u0159ekla, a\u0165 se neboj\u00ed, \u017ee tohle byla jenom n\u00e1hoda. Bratr \u0159ekl, \u017ee je docela v \u0161oku, ale \u017ee se bude b\u00e1t jezdit a \u017ee chvilku si d\u00e1 oddych. Nakonec bratr za\u010dal jezdit automobilem asi a\u017e po dvou\u00a0m\u011bs\u00edc\u00edch. Zat\u00edm jezdil tax\u00edkem nebo autobusem, nebo kolikr\u00e1t jsem ho i j\u00e1 n\u011bkam odvezla. T\u0159eba jsem ho vozila autem na n\u00e1kup a podobn\u011b. A kdy\u017e si potom m\u016fj bratr kone\u010dn\u011b na ja\u0159e u\u017e vyt\u00e1hl motorku, tak \u0159ekl, \u017ee se tak\u00e9 boj\u00ed. Tak\u017ee na motorce, kterou si po\u0159\u00eddil p\u0159ed p\u011bti\u00a0lety, tak jezdil jenom p\u00e1rkr\u00e1t, proto\u017ee se b\u00e1l a st\u00e1le nemohu zapomenout na to. Jak do jeho automobilu narazila motorka? J\u00e1 se tomu nediv\u00edm, proto\u017ee j\u00e1 bych se asi tak\u00e9 b\u00e1la. Proto bych si m\u011bla d\u00e1vat pozor tak\u00e9 nikdy nev\u00edte, jak\u00e9ho bl\u00e1zna potk\u00e1te, \u017ee v\u00e1m ned\u00e1 v\u016fbec na silnici p\u0159ednost.\u00a0                                                                                                                                                                                                                                                                                                                                                                                        4.6\/5 - (5 votes)        "},{"@context":"https:\/\/schema.org\/","@type":"BreadcrumbList","itemListElement":[{"@type":"ListItem","position":1,"name":"Motorka a automobil","item":"https:\/\/www.celtica.cz\/motorka-a-automobil\/#breadcrumbitem"}]}]