[{"@context":"https:\/\/schema.org\/","@type":"Article","@id":"https:\/\/www.celtica.cz\/muzi-a-zeny\/#Article","mainEntityOfPage":"https:\/\/www.celtica.cz\/muzi-a-zeny\/","headline":"Mu\u017ei a \u017eeny","name":"Mu\u017ei a \u017eeny","description":"Mysl\u00edte si, \u017ee b\u00fdt mu\u017eem je jednodu\u0161\u0161\u00ed ne\u017e b\u00fdt \u017eenou? V\u00edte, j\u00e1 jsem o tomhle u\u017e opravdu hodn\u011b dlouho p\u0159em\u00fd\u0161lela &hellip; ","datePublished":"2022-05-29","dateModified":"2023-06-14","author":{"@type":"Person","@id":"https:\/\/www.celtica.cz\/author\/#Person","name":"","url":"https:\/\/www.celtica.cz\/author\/","identifier":1,"image":{"@type":"ImageObject","@id":"https:\/\/secure.gravatar.com\/avatar\/da76ffe9456a057fb26f92cd8eb3d2effca853864e9ae2a35290bd1e10b1f7d4?s=96&d=mm&r=g","url":"https:\/\/secure.gravatar.com\/avatar\/da76ffe9456a057fb26f92cd8eb3d2effca853864e9ae2a35290bd1e10b1f7d4?s=96&d=mm&r=g","height":96,"width":96}},"publisher":{"@type":"Organization","name":"celtica.cz","logo":{"@type":"ImageObject","@id":"\/logo.png","url":"\/logo.png","width":600,"height":60}},"image":{"@type":"ImageObject","@id":"https:\/\/www.celtica.cz\/wp-content\/uploads\/moda1_4.jpg","url":"https:\/\/www.celtica.cz\/wp-content\/uploads\/moda1_4.jpg","height":0,"width":0},"url":"https:\/\/www.celtica.cz\/muzi-a-zeny\/","about":["\u017deny"],"wordCount":455,"articleBody":"Mysl\u00edte si, \u017ee b\u00fdt mu\u017eem je jednodu\u0161\u0161\u00ed ne\u017e b\u00fdt \u017eenou? V\u00edte, j\u00e1 jsem o tomhle u\u017e opravdu hodn\u011b dlouho p\u0159em\u00fd\u0161lela a taky docela \u010dasto. Nikdy si nedok\u00e1\u017eu p\u0159edstavit, \u017ee by to mu\u017ei m\u011bli v n\u011b\u010dem jednodu\u0161\u0161\u00ed. I kdy\u017e ale samoz\u0159ejm\u011b n\u011bkdy je to pravda. Hlavn\u011b to, co se t\u00fd\u010de t\u0159eba zam\u011bstn\u00e1n\u00ed. Kolik vyd\u011bl\u00e1vaj\u00ed v pr\u00e1ci. A nev\u00edm, pro\u010d to tak je, ale mu\u017ei to maj\u00ed v pr\u00e1ci lep\u0161\u00ed a\u00a0snaz\u0161\u00ed. Proto\u017ee kdykoliv se n\u011bkoho zept\u00e1m, tak ka\u017ed\u00fd mi potvrd\u00ed, \u017ee mu\u017ei berou na stejn\u00e9 pracovn\u00ed pozici a ve stejn\u00e9 firm\u011b o n\u011bkolik pen\u011bz v\u00edce ne\u017e t\u0159eba my \u017eeny. Tohle v\u016fbec nech\u00e1pu. Copak jsou \u017eeny m\u00e9n\u011b ne\u017e mu\u017ei? Mysl\u00edm si, \u017ee je to docela velk\u00e1 diskriminace. Co byste \u0159ekli tomu, kdyby t\u0159eba \u017eeny m\u011bly vy\u0161\u0161\u00ed plat, ne\u017e mu\u017ei? Nev\u00edm, jak by si pan\u00ed tvorstva na tohle zvykli. Proto\u017ee podle m\u00e9ho n\u00e1zoru by \u017eeny m\u011bly m\u00edt opravdu stejn\u00e1 pr\u00e1va a taky pen\u00edze, stejn\u011b jako mu\u017ei.M\u011b by se to takhle l\u00edbilo. J\u00e1 jsem jednou pracovala v pr\u00e1ci, kde jsem byla peka\u0159ka. M\u011bla jsem tam taky kolegu peka\u0159e. A jen tak jsme se bavili o pen\u011bz\u00edch a on mi \u0159ekl, kolik m\u00e1 na v\u00fdplatu. Byla jsem docela v \u0161oku, proto\u017ee on m\u011bl o skoro tis\u00edc korun v\u00edce ne\u017e j\u00e1 a p\u0159itom jsme d\u011blali opravdu stejnou pr\u00e1ci. A nejhor\u0161\u00ed na tom je\u0161t\u011b bylo, \u017ee on byl v pr\u00e1ci o dva roky m\u00e9n\u011b ne\u017e j\u00e1. Tak\u017ee j\u00e1 jsem byla v pr\u00e1ci d\u00e9le. Copak byste tohle ch\u00e1pali? To se\u00a0ned\u00e1\u00a0pochopit. Mysl\u00edm si, \u017ee je to nespravedliv\u00e9 a m\u011blo by se s t\u00edm n\u011bco d\u011blat.\u00a0Nebo\u00a0v\u00e1m to p\u0159ijde zcela norm\u00e1ln\u00ed? Pro\u010d\u00a0to tak je a pro\u010d top v\u016fbec vzniklo?\u00a0Mysl\u00edm\u00a0si, \u017ee je to je\u0161t\u011b z\u00a0takov\u00fdch\u00a0t\u011bch dob, kdy\u017e bylo jen v\u00fdsadou mu\u017e\u016f, aby pracovali a \u017eivili rodinu. tak\u017ee s na \u017eeny a\u00a0jejich\u00a0pracovn\u00ed pozice pohl\u00ed\u017e\u00ed asi\u00a0svrchu\u00a0a\u00a0\u0161patn\u011b. je to hrozn\u00e9,\u00a0ale\u00a0kdybych mohla,\u00a0tak\u00a0to zm\u011bn\u00edm. jen\u017ee mnoho \u017een to ne\u0159e\u0161\u00ed a je jim to jedno. Nebo jsou\u00a0bohu\u017eel\u00a0t\u0159eba dost l\u00edn\u00e9, aby\u00a0tohle\u00a0s n\u011bk\u00fdm \u0159e\u0161ily. A vy byste tohle \u0159e\u0161ily nebo u\u017e dokonce \u0159e\u0161\u00edte, mil\u00e9 d\u00e1my? Nedejte se a zkuste to.                                                                                                                                                                                                                                                                                                                                                                                        3.4\/5 - (5 votes)        "},{"@context":"https:\/\/schema.org\/","@type":"BreadcrumbList","itemListElement":[{"@type":"ListItem","position":1,"name":"Mu\u017ei a \u017eeny","item":"https:\/\/www.celtica.cz\/muzi-a-zeny\/#breadcrumbitem"}]}]