[{"@context":"https:\/\/schema.org\/","@type":"Article","@id":"https:\/\/www.celtica.cz\/na-stehovani-si-radeji-privstante\/#Article","mainEntityOfPage":"https:\/\/www.celtica.cz\/na-stehovani-si-radeji-privstante\/","headline":"Na st\u011bhov\u00e1n\u00ed si rad\u011bji p\u0159ivsta\u0148te","name":"Na st\u011bhov\u00e1n\u00ed si rad\u011bji p\u0159ivsta\u0148te","description":"Je zn\u00e1mo, \u017ee \u010d\u00edm v\u00edce lid\u00ed sp\u00ed, t\u00edm m\u00e9n\u011b se kolem n\u00e1s \u0161\u00ed\u0159\u00ed negativn\u00edch my\u0161lenek a energi\u00ed. Z tohoto d\u016fvodu &hellip; ","datePublished":"2022-08-14","dateModified":"2023-09-27","author":{"@type":"Person","@id":"https:\/\/www.celtica.cz\/author\/#Person","name":"","url":"https:\/\/www.celtica.cz\/author\/","identifier":1,"image":{"@type":"ImageObject","@id":"https:\/\/secure.gravatar.com\/avatar\/da76ffe9456a057fb26f92cd8eb3d2effca853864e9ae2a35290bd1e10b1f7d4?s=96&d=mm&r=g","url":"https:\/\/secure.gravatar.com\/avatar\/da76ffe9456a057fb26f92cd8eb3d2effca853864e9ae2a35290bd1e10b1f7d4?s=96&d=mm&r=g","height":96,"width":96}},"publisher":{"@type":"Organization","name":"celtica.cz","logo":{"@type":"ImageObject","@id":"\/logo.png","url":"\/logo.png","width":600,"height":60}},"image":{"@type":"ImageObject","@id":"https:\/\/www.celtica.cz\/wp-content\/uploads\/moving-boxes-3407663_640_1.png","url":"https:\/\/www.celtica.cz\/wp-content\/uploads\/moving-boxes-3407663_640_1.png","height":0,"width":0},"url":"https:\/\/www.celtica.cz\/na-stehovani-si-radeji-privstante\/","about":["Podnik\u00e1n\u00ed"],"wordCount":430,"articleBody":"   Je zn\u00e1mo, \u017ee \u010d\u00edm v\u00edce lid\u00ed sp\u00ed, t\u00edm m\u00e9n\u011b se kolem n\u00e1s \u0161\u00ed\u0159\u00ed negativn\u00edch my\u0161lenek a energi\u00ed. Z tohoto d\u016fvodu je v\u00fdhodn\u00e9 zejm\u00e9na obdob\u00ed pozd\u011b ve\u010der, kdy lid\u00e9 ulehaj\u00ed ke sp\u00e1nku, v noci, kdy pod\u0159imuj\u00ed a sp\u00ed hlubok\u00fdm sp\u00e1nkem, a velmi brzy r\u00e1no, kdy se dosud neprobudili. Projevuje se to zejm\u00e9na v hust\u011b obydlen\u00fdch oblastech a m\u00e1 to samoz\u0159ejm\u011b vliv na ka\u017ed\u00e9ho, kdo v tuto dobu bd\u00ed. Mo\u017en\u00e1 se v\u00e1m z vlastn\u00ed zku\u0161enosti p\u0159ihodilo ji\u017e mnohokr\u00e1t, \u017ee se v\u00e1m v t\u00e9to dob\u011b l\u00e9pe pracuje, resp. soust\u0159ed\u00ed na pr\u00e1ci, l\u00e9pe se v\u00e1m p\u0159em\u00fd\u0161l\u00ed, l\u00e9pe komunikuje s partnerem nebo s va\u0161imi p\u0159\u00e1teli.Tohoto jevu lze vyu\u017e\u00edt pro celou \u0159adu \u010dinnost\u00ed a mezi nimi i pro st\u011bhov\u00e1n\u00ed. P\u0159in\u00e1\u0161\u00ed to i jin\u00e9 v\u00fdhody, a bude-li st\u011bhovac\u00ed firma svoln\u00e1 k tomu, p\u0159est\u011bhovat v\u00e1s pr\u00e1v\u011b v t\u00e9to denn\u00ed dob\u011b, m\u016f\u017ee to b\u00fdt v\u00fdhodn\u00e9 pro ob\u011b strany a m\u016f\u017ee to cel\u00fd st\u011bhovac\u00ed proces v\u00fdznamn\u011b pos\u00edlit.Ticho a klid \u2013 zna\u010dn\u00fd pozitivn\u00ed vliv na lidskou \u010dinnost m\u00e1 ticho. Mo\u017en\u00e1 se v\u00e1m to nezd\u00e1, ale zkuste si to n\u011bkdy sami na sob\u011b. Vypn\u011bte televizi, vypn\u011bte r\u00e1dio, po\u010d\u00edta\u010d, tablet a mobil a posa\u010fte se jen do k\u0159esla s roze\u010dtenou knihou. Neposlouchejte \u017e\u00e1dnou hudbu, jen vn\u00edmejte ticho kolem v\u00e1s, tedy ve vhodn\u00e9 dob\u011b, pr\u00e1v\u011b hlavn\u011b v noci. Ticho a klid pom\u00e1haj\u00ed i p\u0159i st\u011bhov\u00e1n\u00ed, proto\u017ee se v\u0161ichni l\u00e9pe soust\u0159ed\u00ed na pracovn\u00ed \u00fakon.Minim\u00e1ln\u00ed silni\u010dn\u00ed provoz \u2013 st\u011bhovac\u00ed firma st\u011bhov\u00e1n\u00ed v Praze by mohla ocenit i mal\u00fd provoz na silnici, \u017e\u00e1dn\u00e9 kolony, \u017e\u00e1dn\u00e9 z\u00e1cpy. Plynul\u00fd slab\u00fd provoz m\u00e1 p\u0159\u00edzniv\u00fd vliv i na stres a \u010d\u00edm m\u00e9n\u011b stresu p\u0159i st\u011bhov\u00e1n\u00ed, t\u00edm samoz\u0159ejm\u011b l\u00e9pe.Nikdo v\u00e1s nebude \u201eotravovat\u201c \u2013 kdy\u017e se na v\u00e1s p\u0159ilep\u00ed n\u011bkdo otravn\u00fd, m\u00e1te toho n\u011bkdy dost. Odeb\u00edr\u00e1 v\u00e1m z aury energii a nev\u00edte, jak se jej zbavit. Nepom\u00e1haj\u00ed ani taktn\u00ed p\u0159ipom\u00ednky a brzy zjist\u00edte, \u017ee v\u00e1m takov\u00fd \u010dlov\u011bk odv\u00e1l cel\u00fd den. \u010c\u00edm v\u00edce takov\u00fdch jedinc\u016f sp\u00ed, t\u00edm men\u0161\u00ed je pravd\u011bpodobnost, \u017ee na n\u011b naraz\u00edte v ter\u00e9nu zrovna vy.                                                                                                                                                                                                                                                                                                                                                                                          4.7\/5 - (4 votes)        "},{"@context":"https:\/\/schema.org\/","@type":"BreadcrumbList","itemListElement":[{"@type":"ListItem","position":1,"name":"Na st\u011bhov\u00e1n\u00ed si rad\u011bji p\u0159ivsta\u0148te","item":"https:\/\/www.celtica.cz\/na-stehovani-si-radeji-privstante\/#breadcrumbitem"}]}]