[{"@context":"https:\/\/schema.org\/","@type":"Article","@id":"https:\/\/www.celtica.cz\/ochrana-pred-protecenim\/#Article","mainEntityOfPage":"https:\/\/www.celtica.cz\/ochrana-pred-protecenim\/","headline":"Ochrana p\u0159ed prote\u010den\u00edm","name":"Ochrana p\u0159ed prote\u010den\u00edm","description":"Jestli\u017ee se pod\u00edv\u00e1me d\u00e1vno do historie, \u017eeny ve sv\u00fdch dnech b\u011bhem menstrua\u010dn\u00edho cyklu v\u011bt\u0161inou nevych\u00e1zely z domu, d\u0159\u00edve nebyly vyvinut\u00e9 &hellip; ","datePublished":"2022-09-07","dateModified":"2023-06-14","author":{"@type":"Person","@id":"https:\/\/www.celtica.cz\/author\/#Person","name":"","url":"https:\/\/www.celtica.cz\/author\/","identifier":1,"image":{"@type":"ImageObject","@id":"https:\/\/secure.gravatar.com\/avatar\/da76ffe9456a057fb26f92cd8eb3d2effca853864e9ae2a35290bd1e10b1f7d4?s=96&d=mm&r=g","url":"https:\/\/secure.gravatar.com\/avatar\/da76ffe9456a057fb26f92cd8eb3d2effca853864e9ae2a35290bd1e10b1f7d4?s=96&d=mm&r=g","height":96,"width":96}},"publisher":{"@type":"Organization","name":"celtica.cz","logo":{"@type":"ImageObject","@id":"\/logo.png","url":"\/logo.png","width":600,"height":60}},"image":{"@type":"ImageObject","@id":"https:\/\/www.celtica.cz\/wp-content\/uploads\/krece.jpg","url":"https:\/\/www.celtica.cz\/wp-content\/uploads\/krece.jpg","height":0,"width":0},"url":"https:\/\/www.celtica.cz\/ochrana-pred-protecenim\/","about":["V\u00fdrobky"],"wordCount":407,"articleBody":"      Jestli\u017ee se pod\u00edv\u00e1me d\u00e1vno do historie, \u017eeny ve sv\u00fdch dnech b\u011bhem menstrua\u010dn\u00edho cyklu v\u011bt\u0161inou nevych\u00e1zely z domu, d\u0159\u00edve nebyly vyvinut\u00e9 takov\u00e9 ochrann\u00e9 pom\u016fcky, kter\u00e9 by zabra\u0148ovaly tomu, aby to bylo jakkoliv vid\u011bt. Samoz\u0159ejm\u011b se nenosilo p\u0159il\u00e9hav\u00e9 oble\u010den\u00ed jako dnes, tak\u017ee to patrn\u011b nebylo vid\u011bt ani tak, ale rozhodn\u011b nem\u011bly k dispozici to, co m\u00e1me my dnes.I dnes je ale \u010d\u00e1ste\u010dn\u011b t\u00e9ma menstruace tabuizov\u00e1no, i kdy\u017e by tomu m\u011bla b\u00fdt u\u010din\u011bna p\u0159\u00edtr\u017e. \u017deny by se za tyto dny nem\u011bly styd\u011bt, m\u011bly by b\u00fdt py\u0161n\u00e9 na to, \u017ee tomu tak je, v\u017edy\u0165 pr\u00e1v\u011b d\u00edky tomu mohou m\u00edt potomky. Co by se m\u011blo sp\u00ed\u0161e \u0159e\u0161it je to, aby nevznikalo tolik zbyte\u010dn\u00e9ho odpadu z jednor\u00e1zov\u00fdch hygienick\u00fdch pot\u0159eb jako jsou vlo\u017eky a tampony. Samoz\u0159ejm\u011b, \u017ee dnes existuj\u00ed i jejich varianty, kter\u00e9 obsahuj\u00ed materi\u00e1ly, kter\u00e9 se v p\u0159\u00edrod\u011b rozlo\u017e\u00ed rychleji a neobsahuj\u00ed \u017e\u00e1dn\u00e1 b\u011blidla ani plasty, ale jejich cena je samoz\u0159ejm\u011b logicky vy\u0161\u0161\u00ed.Co ale nab\u00edz\u00ed \u017een\u00e1m skv\u011blou alternativu v t\u011bchto dnech jsou menstrua\u010dn\u00ed kalhotky. Je\u0161t\u011b jste o nich nesly\u0161ela? Tak se tomu pod\u00edvejme na zoubek. Mo\u017en\u00e1 v\u00e1s p\u0159i \u010dten\u00ed tohoto \u010dl\u00e1nku napad\u00e1, \u017ee nemohou poskytnout takovou ochranu jako ka\u017edou chv\u00edli m\u011bn\u011bn\u00e1 vlo\u017eka nebo tampon. Ale pro\u010d si to nevyzkou\u0161et sama na sob\u011b? Pro\u010d neud\u011blat n\u011bco pro svoje pohodl\u00ed a z\u00e1rove\u0148 i pro p\u0159\u00edrodu?Klasick\u00e9 hygienick\u00e9 pot\u0159eby tohoto druhu ale mohou p\u016fsobit neblaze na na\u0161\u00ed k\u016f\u017ei. Mohou d\u0159\u00edt, zp\u016fsobit opruzeniny a tak d\u00e1le. Obzvl\u00e1\u0161\u0165, kdy\u017e nem\u00e1te mo\u017enost nav\u0161t\u00edvit toaletu tak \u010dasto nebo kdy\u017e sportujete a voln\u011b se pohybujete. Naopak tyto kalhotky v\u00e1m poskytnou ve\u0161ker\u00fd komfort a m\u016f\u017eete se na n\u011b spolehnout. Po\u0159\u00eddit si je m\u016f\u017eete v takov\u00e9m st\u0159ihu, jak\u00fd v\u00e1m vyhovuje a jak b\u011b\u017en\u011b nos\u00edte. Z hlediska ochrany a funk\u010dnosti p\u0159i jejich no\u0161en\u00ed m\u016f\u017eete v\u011b\u0159it \u010dty\u0159vrstv\u00e9 l\u00e1tkov\u00e9 vlo\u017ece, kter\u00e1 pojme to, co m\u00e1. Na pohled vypadaj\u00ed jako klasick\u00e9 spodn\u00ed pr\u00e1dlo a nen\u00ed nic poznat!                                                                                                                                                                                                                                                                                                                                                                                           5\/5 - (4 votes)        "},{"@context":"https:\/\/schema.org\/","@type":"BreadcrumbList","itemListElement":[{"@type":"ListItem","position":1,"name":"Ochrana p\u0159ed prote\u010den\u00edm","item":"https:\/\/www.celtica.cz\/ochrana-pred-protecenim\/#breadcrumbitem"}]}]