[{"@context":"https:\/\/schema.org\/","@type":"Article","@id":"https:\/\/www.celtica.cz\/ovocne-stromy-na-zahrade\/#Article","mainEntityOfPage":"https:\/\/www.celtica.cz\/ovocne-stromy-na-zahrade\/","headline":"Ovocn\u00e9 stromy na zahrad\u011b","name":"Ovocn\u00e9 stromy na zahrad\u011b","description":"M\u00edt na zahrad\u011b ovocn\u00e9 stromy je n\u011bco \u00fa\u017easn\u00e9ho. V\u017edycky jsem si p\u0159\u00e1la m\u00edt vlastn\u00ed jablon\u011b, hru\u0161n\u011b a dal\u0161\u00ed stromy, ze &hellip; ","datePublished":"2024-05-29","dateModified":"2024-05-29","author":{"@type":"Person","@id":"https:\/\/www.celtica.cz\/author\/#Person","name":"","url":"https:\/\/www.celtica.cz\/author\/","identifier":1,"image":{"@type":"ImageObject","@id":"https:\/\/secure.gravatar.com\/avatar\/da76ffe9456a057fb26f92cd8eb3d2effca853864e9ae2a35290bd1e10b1f7d4?s=96&d=mm&r=g","url":"https:\/\/secure.gravatar.com\/avatar\/da76ffe9456a057fb26f92cd8eb3d2effca853864e9ae2a35290bd1e10b1f7d4?s=96&d=mm&r=g","height":96,"width":96}},"publisher":{"@type":"Organization","name":"celtica.cz","logo":{"@type":"ImageObject","@id":"\/logo.png","url":"\/logo.png","width":600,"height":60}},"image":{"@type":"ImageObject","@id":"https:\/\/www.celtica.cz\/wp-content\/uploads\/apple-flower-3363195_640.jpg","url":"https:\/\/www.celtica.cz\/wp-content\/uploads\/apple-flower-3363195_640.jpg","height":0,"width":0},"url":"https:\/\/www.celtica.cz\/ovocne-stromy-na-zahrade\/","about":["Zahrada a d\u016fm"],"wordCount":435,"articleBody":"M\u00edt na zahrad\u011b ovocn\u00e9 stromy je n\u011bco \u00fa\u017easn\u00e9ho. V\u017edycky jsem si p\u0159\u00e1la m\u00edt vlastn\u00ed jablon\u011b, hru\u0161n\u011b a dal\u0161\u00ed stromy, ze kter\u00fdch bych mohla skl\u00edzet \u010derstv\u00e9 ovoce. A te\u010f, kdy\u017e ten sen \u017eiju, mus\u00edm \u0159\u00edct, je to jedna z nejlep\u0161\u00edch v\u011bc\u00ed, co jsem si kdy dop\u0159\u00e1la. Nen\u00ed to jen o tom, \u017ee si utrhnete ovoce. Je to o tom pocitu, \u017ee m\u00e1te n\u011bco sv\u00e9ho, co roste a plod\u00ed d\u00edky va\u0161\u00ed p\u00e9\u010di. Jablon\u011b jsou pro m\u011b srdcov\u00e1 z\u00e1le\u017eitost. Ten pocit, kdy\u017e na ja\u0159e rozkvetou a cel\u00e1 zahrada najednou von\u00ed, to se prost\u011b ned\u00e1 popsat. A pak podzim. Sb\u00edrat vlastn\u00ed jablka je radost, kter\u00e1 se ned\u00e1 srovnat s t\u00edm, kdy\u017e si ovoce koup\u00edte v obchod\u011b.Ta chu\u0165 je \u00fapln\u011b jin\u00e1. Sladk\u00e1 jablka d\u00e1v\u00e1m do kol\u00e1\u010d\u016f, kysel\u00e1 zase do kompot\u016f. A n\u011bkdy si jen tak sednu pod strom, utrhnu jablko a sn\u00edm ho na m\u00edst\u011b. Jednoduch\u00e9, ale n\u00e1dhern\u00e9. Hru\u0161ky m\u00e1m taky moc r\u00e1da. Kdy\u017e si na zahrad\u011b zasad\u00edte hru\u0161e\u0148, je to tak trochu z\u00e1vazek, proto\u017ee ty stromy pot\u0159ebuj\u00ed \u010das, aby se rozrostly. Ale stoj\u00ed to za to. Hru\u0161ky j\u00edm \u010dasto jen tak, nebo je p\u0159id\u00e1v\u00e1m do d\u017eem\u016f. Nejlep\u0161\u00ed je ta chv\u00edle, kdy u\u017e v\u00edte, \u017ee za p\u00e1r dn\u00ed budete skl\u00edzet. P\u0159ijde mi, \u017ee to ovoce chutn\u00e1 l\u00edp, proto\u017ee jste ho vyp\u011bstovali sami. A t\u0159e\u0161n\u011b! Ty jsou na zahrad\u011b naprosto nepostradateln\u00e9. Kdy\u017e na ja\u0159e kvetou, m\u00e1te pocit, jako by se zahrada prom\u011bnila v poh\u00e1dku.A l\u00e9to? To se prost\u011b mus\u00edte zastavit, utrhnout si plnou hrst a jen tak je sn\u00edst. T\u0159e\u0161n\u011b z obchodu se s t\u011bmi dom\u00e1c\u00edmi v\u016fbec nedaj\u00ed srovnat. Nav\u00edc z nich d\u011bl\u00e1m marmel\u00e1du, kter\u00e1 se mi v zim\u011b v\u017edycky hod\u00ed. \u0160vestky jsou kapitola sama pro sebe. Z nich nejrad\u0161i d\u011bl\u00e1m povidla, kompoty nebo \u0161vestkov\u00fd kol\u00e1\u010d. A kdy\u017e je jich hodn\u011b, \u010d\u00e1st zava\u0159\u00edm. Otev\u0159\u00edt si v zim\u011b sklenici dom\u00e1c\u00edho \u0161vestkov\u00e9ho d\u017eemu je jako vr\u00e1tit se na chv\u00edli do l\u00e9ta. Pokud nem\u00e1te na zahrad\u011b moc m\u00edsta, zkuste zakrsl\u00e9 odr\u016fdy. Ty nezaberou tolik prostoru, a p\u0159esto v\u00e1m za p\u00e1r let p\u0159inesou \u00farodu. Je \u00fa\u017easn\u00e9, jak si m\u016f\u017eete vybrat p\u0159esn\u011b takov\u00fd strom, jak\u00fd se v\u00e1m hod\u00ed.                                                                                                                                                                                                                                                                                                                                                                                        4.2\/5 - (6 votes)        "},{"@context":"https:\/\/schema.org\/","@type":"BreadcrumbList","itemListElement":[{"@type":"ListItem","position":1,"name":"Ovocn\u00e9 stromy na zahrad\u011b","item":"https:\/\/www.celtica.cz\/ovocne-stromy-na-zahrade\/#breadcrumbitem"}]}]