[{"@context":"https:\/\/schema.org\/","@type":"Blog","@id":"https:\/\/www.celtica.cz#Blog","headline":"Celtica","description":"\nAby se lidem po ekonomick\u00e9 str\u00e1nce dob\u0159e da\u0159ilo, je pot\u0159eba, aby trh dostate\u010dn\u011b kvalitn\u011b fungoval, aby na n\u011bm nev\u00e1zla ani nab\u00eddka, ani popt\u00e1vka.","url":"https:\/\/www.celtica.cz","hasPart":[{"@type":"Article","@id":"https:\/\/www.celtica.cz\/napoje-lidstva\/","headline":"N\u00e1poje lidstva","url":"https:\/\/www.celtica.cz\/napoje-lidstva\/","datePublished":"2022-11-04","dateModified":"2022-11-04","mainEntityOfPage":"https:\/\/www.celtica.cz\/napoje-lidstva\/","author":{"@type":"Person","@id":"https:\/\/www.celtica.cz\/author\/#Person","name":"","url":"https:\/\/www.celtica.cz\/author\/","identifier":1,"image":{"@type":"ImageObject","@id":"https:\/\/secure.gravatar.com\/avatar\/da76ffe9456a057fb26f92cd8eb3d2effca853864e9ae2a35290bd1e10b1f7d4?s=96&d=mm&r=g","url":"https:\/\/secure.gravatar.com\/avatar\/da76ffe9456a057fb26f92cd8eb3d2effca853864e9ae2a35290bd1e10b1f7d4?s=96&d=mm&r=g","height":96,"width":96}},"publisher":{"@type":"Organization","name":"celtica.cz","logo":{"@type":"ImageObject","@id":"\/logo.png","url":"\/logo.png","width":600,"height":60}},"image":{"@type":"ImageObject","@id":"https:\/\/www.celtica.cz\/wp-content\/uploads\/coffee-g46b75da72_640.jpg","url":"https:\/\/www.celtica.cz\/wp-content\/uploads\/coffee-g46b75da72_640.jpg","height":0,"width":0},"wordCount":562,"keywords":null},{"@type":"Article","@id":"https:\/\/www.celtica.cz\/pokud-jste-nemocni-meli-byste-zustat-doma\/","headline":"Pokud jste nemocn\u00ed, m\u011bli byste z\u016fstat doma","url":"https:\/\/www.celtica.cz\/pokud-jste-nemocni-meli-byste-zustat-doma\/","datePublished":"2022-10-31","dateModified":"2023-06-14","mainEntityOfPage":"https:\/\/www.celtica.cz\/pokud-jste-nemocni-meli-byste-zustat-doma\/","author":{"@type":"Person","@id":"https:\/\/www.celtica.cz\/author\/#Person","name":"","url":"https:\/\/www.celtica.cz\/author\/","identifier":1,"image":{"@type":"ImageObject","@id":"https:\/\/secure.gravatar.com\/avatar\/da76ffe9456a057fb26f92cd8eb3d2effca853864e9ae2a35290bd1e10b1f7d4?s=96&d=mm&r=g","url":"https:\/\/secure.gravatar.com\/avatar\/da76ffe9456a057fb26f92cd8eb3d2effca853864e9ae2a35290bd1e10b1f7d4?s=96&d=mm&r=g","height":96,"width":96}},"publisher":{"@type":"Organization","name":"celtica.cz","logo":{"@type":"ImageObject","@id":"\/logo.png","url":"\/logo.png","width":600,"height":60}},"image":{"@type":"ImageObject","@id":"https:\/\/www.celtica.cz\/wp-content\/uploads\/nemm.JPG","url":"https:\/\/www.celtica.cz\/wp-content\/uploads\/nemm.JPG","height":0,"width":0},"wordCount":836,"keywords":null},{"@type":"Article","@id":"https:\/\/www.celtica.cz\/chut-na-sladke-je-cloveku-prirozena-proto-take-navstevujeme-cukrarny\/","headline":"Chu\u0165 na sladk\u00e9 je \u010dlov\u011bku p\u0159irozen\u00e1, proto tak\u00e9 nav\u0161t\u011bvujeme cukr\u00e1rny","url":"https:\/\/www.celtica.cz\/chut-na-sladke-je-cloveku-prirozena-proto-take-navstevujeme-cukrarny\/","datePublished":"2022-10-29","dateModified":"2022-10-29","mainEntityOfPage":"https:\/\/www.celtica.cz\/chut-na-sladke-je-cloveku-prirozena-proto-take-navstevujeme-cukrarny\/","author":{"@type":"Person","@id":"https:\/\/www.celtica.cz\/author\/#Person","name":"","url":"https:\/\/www.celtica.cz\/author\/","identifier":1,"image":{"@type":"ImageObject","@id":"https:\/\/secure.gravatar.com\/avatar\/da76ffe9456a057fb26f92cd8eb3d2effca853864e9ae2a35290bd1e10b1f7d4?s=96&d=mm&r=g","url":"https:\/\/secure.gravatar.com\/avatar\/da76ffe9456a057fb26f92cd8eb3d2effca853864e9ae2a35290bd1e10b1f7d4?s=96&d=mm&r=g","height":96,"width":96}},"publisher":{"@type":"Organization","name":"celtica.cz","logo":{"@type":"ImageObject","@id":"\/logo.png","url":"\/logo.png","width":600,"height":60}},"image":{"@type":"ImageObject","@id":"https:\/\/www.celtica.cz\/wp-content\/uploads\/strawberrycake-g53fc0691c_640.jpg","url":"https:\/\/www.celtica.cz\/wp-content\/uploads\/strawberrycake-g53fc0691c_640.jpg","height":0,"width":0},"wordCount":589,"keywords":null},{"@type":"Article","@id":"https:\/\/www.celtica.cz\/kde-a-jak-si-nechat-vytvorit-sve-vlastni-logo\/","headline":"Kde a jak si nechat vytvo\u0159it sv\u00e9 vlastn\u00ed logo?","url":"https:\/\/www.celtica.cz\/kde-a-jak-si-nechat-vytvorit-sve-vlastni-logo\/","datePublished":"2022-09-15","dateModified":"2023-06-14","mainEntityOfPage":"https:\/\/www.celtica.cz\/kde-a-jak-si-nechat-vytvorit-sve-vlastni-logo\/","author":{"@type":"Person","@id":"https:\/\/www.celtica.cz\/author\/#Person","name":"","url":"https:\/\/www.celtica.cz\/author\/","identifier":1,"image":{"@type":"ImageObject","@id":"https:\/\/secure.gravatar.com\/avatar\/da76ffe9456a057fb26f92cd8eb3d2effca853864e9ae2a35290bd1e10b1f7d4?s=96&d=mm&r=g","url":"https:\/\/secure.gravatar.com\/avatar\/da76ffe9456a057fb26f92cd8eb3d2effca853864e9ae2a35290bd1e10b1f7d4?s=96&d=mm&r=g","height":96,"width":96}},"publisher":{"@type":"Organization","name":"celtica.cz","logo":{"@type":"ImageObject","@id":"\/logo.png","url":"\/logo.png","width":600,"height":60}},"image":{"@type":"ImageObject","@id":"https:\/\/www.celtica.cz\/wp-content\/uploads\/business-1989130_960_720.jpg","url":"https:\/\/www.celtica.cz\/wp-content\/uploads\/business-1989130_960_720.jpg","height":0,"width":0},"wordCount":558,"keywords":null},{"@type":"Article","@id":"https:\/\/www.celtica.cz\/pocitac-pomocnik\/","headline":"Po\u010d\u00edta\u010d pomocn\u00edk","url":"https:\/\/www.celtica.cz\/pocitac-pomocnik\/","datePublished":"2022-09-12","dateModified":"2023-06-14","mainEntityOfPage":"https:\/\/www.celtica.cz\/pocitac-pomocnik\/","author":{"@type":"Person","@id":"https:\/\/www.celtica.cz\/author\/#Person","name":"","url":"https:\/\/www.celtica.cz\/author\/","identifier":1,"image":{"@type":"ImageObject","@id":"https:\/\/secure.gravatar.com\/avatar\/da76ffe9456a057fb26f92cd8eb3d2effca853864e9ae2a35290bd1e10b1f7d4?s=96&d=mm&r=g","url":"https:\/\/secure.gravatar.com\/avatar\/da76ffe9456a057fb26f92cd8eb3d2effca853864e9ae2a35290bd1e10b1f7d4?s=96&d=mm&r=g","height":96,"width":96}},"publisher":{"@type":"Organization","name":"celtica.cz","logo":{"@type":"ImageObject","@id":"\/logo.png","url":"\/logo.png","width":600,"height":60}},"image":{"@type":"ImageObject","@id":"https:\/\/www.celtica.cz\/wp-content\/uploads\/office-583841_960_720.jpg","url":"https:\/\/www.celtica.cz\/wp-content\/uploads\/office-583841_960_720.jpg","height":0,"width":0},"wordCount":628,"keywords":null},{"@type":"Article","@id":"https:\/\/www.celtica.cz\/koberec-jako-bajecne-misto-pro-hrani\/","headline":"Koberec jako b\u00e1je\u010dn\u00e9 m\u00edsto pro hran\u00ed","url":"https:\/\/www.celtica.cz\/koberec-jako-bajecne-misto-pro-hrani\/","datePublished":"2022-09-07","dateModified":"2023-06-14","mainEntityOfPage":"https:\/\/www.celtica.cz\/koberec-jako-bajecne-misto-pro-hrani\/","author":{"@type":"Person","@id":"https:\/\/www.celtica.cz\/author\/#Person","name":"","url":"https:\/\/www.celtica.cz\/author\/","identifier":1,"image":{"@type":"ImageObject","@id":"https:\/\/secure.gravatar.com\/avatar\/da76ffe9456a057fb26f92cd8eb3d2effca853864e9ae2a35290bd1e10b1f7d4?s=96&d=mm&r=g","url":"https:\/\/secure.gravatar.com\/avatar\/da76ffe9456a057fb26f92cd8eb3d2effca853864e9ae2a35290bd1e10b1f7d4?s=96&d=mm&r=g","height":96,"width":96}},"publisher":{"@type":"Organization","name":"celtica.cz","logo":{"@type":"ImageObject","@id":"\/logo.png","url":"\/logo.png","width":600,"height":60}},"image":{"@type":"ImageObject","@id":"https:\/\/www.celtica.cz\/wp-content\/uploads\/pexels-ketut-subiyanto-4473569.jpg","url":"https:\/\/www.celtica.cz\/wp-content\/uploads\/pexels-ketut-subiyanto-4473569.jpg","height":0,"width":0},"wordCount":688,"keywords":null},{"@type":"Article","@id":"https:\/\/www.celtica.cz\/preplnovany-motor\/","headline":"P\u0159epl\u0148ovan\u00fd motor","url":"https:\/\/www.celtica.cz\/preplnovany-motor\/","datePublished":"2022-09-07","dateModified":"2023-06-14","mainEntityOfPage":"https:\/\/www.celtica.cz\/preplnovany-motor\/","author":{"@type":"Person","@id":"https:\/\/www.celtica.cz\/author\/#Person","name":"","url":"https:\/\/www.celtica.cz\/author\/","identifier":1,"image":{"@type":"ImageObject","@id":"https:\/\/secure.gravatar.com\/avatar\/da76ffe9456a057fb26f92cd8eb3d2effca853864e9ae2a35290bd1e10b1f7d4?s=96&d=mm&r=g","url":"https:\/\/secure.gravatar.com\/avatar\/da76ffe9456a057fb26f92cd8eb3d2effca853864e9ae2a35290bd1e10b1f7d4?s=96&d=mm&r=g","height":96,"width":96}},"publisher":{"@type":"Organization","name":"celtica.cz","logo":{"@type":"ImageObject","@id":"\/logo.png","url":"\/logo.png","width":600,"height":60}},"image":{"@type":"ImageObject","@id":"https:\/\/www.celtica.cz\/wp-content\/uploads\/car-engine-2773263_960_720.jpg","url":"https:\/\/www.celtica.cz\/wp-content\/uploads\/car-engine-2773263_960_720.jpg","height":0,"width":0},"wordCount":600,"keywords":null},{"@type":"Article","@id":"https:\/\/www.celtica.cz\/ochrana-pred-protecenim\/","headline":"Ochrana p\u0159ed prote\u010den\u00edm","url":"https:\/\/www.celtica.cz\/ochrana-pred-protecenim\/","datePublished":"2022-09-07","dateModified":"2023-06-14","mainEntityOfPage":"https:\/\/www.celtica.cz\/ochrana-pred-protecenim\/","author":{"@type":"Person","@id":"https:\/\/www.celtica.cz\/author\/#Person","name":"","url":"https:\/\/www.celtica.cz\/author\/","identifier":1,"image":{"@type":"ImageObject","@id":"https:\/\/secure.gravatar.com\/avatar\/da76ffe9456a057fb26f92cd8eb3d2effca853864e9ae2a35290bd1e10b1f7d4?s=96&d=mm&r=g","url":"https:\/\/secure.gravatar.com\/avatar\/da76ffe9456a057fb26f92cd8eb3d2effca853864e9ae2a35290bd1e10b1f7d4?s=96&d=mm&r=g","height":96,"width":96}},"publisher":{"@type":"Organization","name":"celtica.cz","logo":{"@type":"ImageObject","@id":"\/logo.png","url":"\/logo.png","width":600,"height":60}},"image":{"@type":"ImageObject","@id":"https:\/\/www.celtica.cz\/wp-content\/uploads\/krece.jpg","url":"https:\/\/www.celtica.cz\/wp-content\/uploads\/krece.jpg","height":0,"width":0},"wordCount":568,"keywords":null},{"@type":"Article","@id":"https:\/\/www.celtica.cz\/kvalitni-a-specializovany-zubar\/","headline":"Kvalitn\u00ed a specializovan\u00fd zuba\u0159","url":"https:\/\/www.celtica.cz\/kvalitni-a-specializovany-zubar\/","datePublished":"2022-09-06","dateModified":"2023-06-14","mainEntityOfPage":"https:\/\/www.celtica.cz\/kvalitni-a-specializovany-zubar\/","author":{"@type":"Person","@id":"https:\/\/www.celtica.cz\/author\/#Person","name":"","url":"https:\/\/www.celtica.cz\/author\/","identifier":1,"image":{"@type":"ImageObject","@id":"https:\/\/secure.gravatar.com\/avatar\/da76ffe9456a057fb26f92cd8eb3d2effca853864e9ae2a35290bd1e10b1f7d4?s=96&d=mm&r=g","url":"https:\/\/secure.gravatar.com\/avatar\/da76ffe9456a057fb26f92cd8eb3d2effca853864e9ae2a35290bd1e10b1f7d4?s=96&d=mm&r=g","height":96,"width":96}},"publisher":{"@type":"Organization","name":"celtica.cz","logo":{"@type":"ImageObject","@id":"\/logo.png","url":"\/logo.png","width":600,"height":60}},"image":{"@type":"ImageObject","@id":"https:\/\/www.celtica.cz\/wp-content\/uploads\/globus-g181dc2e5d_1920.jpg","url":"https:\/\/www.celtica.cz\/wp-content\/uploads\/globus-g181dc2e5d_1920.jpg","height":0,"width":0},"wordCount":572,"keywords":null},{"@type":"Article","@id":"https:\/\/www.celtica.cz\/antigenni-testy-za-vyhodnou-cenu\/","headline":"Antigenn\u00ed testy za v\u00fdhodnou cenu","url":"https:\/\/www.celtica.cz\/antigenni-testy-za-vyhodnou-cenu\/","datePublished":"2022-09-06","dateModified":"2023-06-14","mainEntityOfPage":"https:\/\/www.celtica.cz\/antigenni-testy-za-vyhodnou-cenu\/","author":{"@type":"Person","@id":"https:\/\/www.celtica.cz\/author\/#Person","name":"","url":"https:\/\/www.celtica.cz\/author\/","identifier":1,"image":{"@type":"ImageObject","@id":"https:\/\/secure.gravatar.com\/avatar\/da76ffe9456a057fb26f92cd8eb3d2effca853864e9ae2a35290bd1e10b1f7d4?s=96&d=mm&r=g","url":"https:\/\/secure.gravatar.com\/avatar\/da76ffe9456a057fb26f92cd8eb3d2effca853864e9ae2a35290bd1e10b1f7d4?s=96&d=mm&r=g","height":96,"width":96}},"publisher":{"@type":"Organization","name":"celtica.cz","logo":{"@type":"ImageObject","@id":"\/logo.png","url":"\/logo.png","width":600,"height":60}},"image":{"@type":"ImageObject","@id":"https:\/\/www.celtica.cz\/wp-content\/uploads\/covid-g70b5bcc19_640_3.jpg","url":"https:\/\/www.celtica.cz\/wp-content\/uploads\/covid-g70b5bcc19_640_3.jpg","height":0,"width":0},"wordCount":588,"keywords":null}]},{"@context":"https:\/\/schema.org","@type":"WebSite","@id":"https:\/\/www.celtica.cz\/#website","name":"Celtica","url":"https:\/\/www.celtica.cz","potentialAction":{"@type":"SearchAction","target":"https:\/\/www.celtica.cz\/?s={search_term_string}","query-input":"required name=search_term_string"}}]