[{"@context":"https:\/\/schema.org\/","@type":"Blog","@id":"https:\/\/www.celtica.cz#Blog","headline":"Celtica","description":"\nAby se lidem po ekonomick\u00e9 str\u00e1nce dob\u0159e da\u0159ilo, je pot\u0159eba, aby trh dostate\u010dn\u011b kvalitn\u011b fungoval, aby na n\u011bm nev\u00e1zla ani nab\u00eddka, ani popt\u00e1vka.","url":"https:\/\/www.celtica.cz","hasPart":[{"@type":"Article","@id":"https:\/\/www.celtica.cz\/proc-muze-byt-tezke-sehnat-saty-xxl\/","headline":"Pro\u010d m\u016f\u017ee b\u00fdt t\u011b\u017ek\u00e9 sehnat \u0161aty xxl","url":"https:\/\/www.celtica.cz\/proc-muze-byt-tezke-sehnat-saty-xxl\/","datePublished":"2022-08-14","dateModified":"2023-06-14","mainEntityOfPage":"https:\/\/www.celtica.cz\/proc-muze-byt-tezke-sehnat-saty-xxl\/","author":{"@type":"Person","@id":"https:\/\/www.celtica.cz\/author\/#Person","name":"","url":"https:\/\/www.celtica.cz\/author\/","identifier":1,"image":{"@type":"ImageObject","@id":"https:\/\/secure.gravatar.com\/avatar\/da76ffe9456a057fb26f92cd8eb3d2effca853864e9ae2a35290bd1e10b1f7d4?s=96&d=mm&r=g","url":"https:\/\/secure.gravatar.com\/avatar\/da76ffe9456a057fb26f92cd8eb3d2effca853864e9ae2a35290bd1e10b1f7d4?s=96&d=mm&r=g","height":96,"width":96}},"publisher":{"@type":"Organization","name":"celtica.cz","logo":{"@type":"ImageObject","@id":"\/logo.png","url":"\/logo.png","width":600,"height":60}},"image":{"@type":"ImageObject","@id":"https:\/\/www.celtica.cz\/wp-content\/uploads\/barevne_saty_M7ZsQV.jpg","url":"https:\/\/www.celtica.cz\/wp-content\/uploads\/barevne_saty_M7ZsQV.jpg","height":0,"width":0},"wordCount":666,"keywords":null},{"@type":"Article","@id":"https:\/\/www.celtica.cz\/jaky-je-rozdil-mezi-hrou-na-pc-a-konzoli\/","headline":"Jak\u00fd je rozd\u00edl mezi hrou na PC a konzoli","url":"https:\/\/www.celtica.cz\/jaky-je-rozdil-mezi-hrou-na-pc-a-konzoli\/","datePublished":"2022-08-12","dateModified":"2023-06-14","mainEntityOfPage":"https:\/\/www.celtica.cz\/jaky-je-rozdil-mezi-hrou-na-pc-a-konzoli\/","author":{"@type":"Person","@id":"https:\/\/www.celtica.cz\/author\/#Person","name":"","url":"https:\/\/www.celtica.cz\/author\/","identifier":1,"image":{"@type":"ImageObject","@id":"https:\/\/secure.gravatar.com\/avatar\/da76ffe9456a057fb26f92cd8eb3d2effca853864e9ae2a35290bd1e10b1f7d4?s=96&d=mm&r=g","url":"https:\/\/secure.gravatar.com\/avatar\/da76ffe9456a057fb26f92cd8eb3d2effca853864e9ae2a35290bd1e10b1f7d4?s=96&d=mm&r=g","height":96,"width":96}},"publisher":{"@type":"Organization","name":"celtica.cz","logo":{"@type":"ImageObject","@id":"\/logo.png","url":"\/logo.png","width":600,"height":60}},"image":{"@type":"ImageObject","@id":"https:\/\/www.celtica.cz\/wp-content\/uploads\/pchra2_3.jpg","url":"https:\/\/www.celtica.cz\/wp-content\/uploads\/pchra2_3.jpg","height":0,"width":0},"wordCount":604,"keywords":null},{"@type":"Article","@id":"https:\/\/www.celtica.cz\/informatika-a-ja\/","headline":"Informatika a j\u00e1","url":"https:\/\/www.celtica.cz\/informatika-a-ja\/","datePublished":"2022-08-05","dateModified":"2023-06-14","mainEntityOfPage":"https:\/\/www.celtica.cz\/informatika-a-ja\/","author":{"@type":"Person","@id":"https:\/\/www.celtica.cz\/author\/#Person","name":"","url":"https:\/\/www.celtica.cz\/author\/","identifier":1,"image":{"@type":"ImageObject","@id":"https:\/\/secure.gravatar.com\/avatar\/da76ffe9456a057fb26f92cd8eb3d2effca853864e9ae2a35290bd1e10b1f7d4?s=96&d=mm&r=g","url":"https:\/\/secure.gravatar.com\/avatar\/da76ffe9456a057fb26f92cd8eb3d2effca853864e9ae2a35290bd1e10b1f7d4?s=96&d=mm&r=g","height":96,"width":96}},"publisher":{"@type":"Organization","name":"celtica.cz","logo":{"@type":"ImageObject","@id":"\/logo.png","url":"\/logo.png","width":600,"height":60}},"image":{"@type":"ImageObject","@id":"https:\/\/www.celtica.cz\/wp-content\/uploads\/computer-2563737_960_720.jpg","url":"https:\/\/www.celtica.cz\/wp-content\/uploads\/computer-2563737_960_720.jpg","height":0,"width":0},"wordCount":517,"keywords":null},{"@type":"Article","@id":"https:\/\/www.celtica.cz\/kultura-je-dulezita\/","headline":"Kultura je d\u016fle\u017eit\u00e1","url":"https:\/\/www.celtica.cz\/kultura-je-dulezita\/","datePublished":"2022-07-30","dateModified":"2023-06-14","mainEntityOfPage":"https:\/\/www.celtica.cz\/kultura-je-dulezita\/","author":{"@type":"Person","@id":"https:\/\/www.celtica.cz\/author\/#Person","name":"","url":"https:\/\/www.celtica.cz\/author\/","identifier":1,"image":{"@type":"ImageObject","@id":"https:\/\/secure.gravatar.com\/avatar\/da76ffe9456a057fb26f92cd8eb3d2effca853864e9ae2a35290bd1e10b1f7d4?s=96&d=mm&r=g","url":"https:\/\/secure.gravatar.com\/avatar\/da76ffe9456a057fb26f92cd8eb3d2effca853864e9ae2a35290bd1e10b1f7d4?s=96&d=mm&r=g","height":96,"width":96}},"publisher":{"@type":"Organization","name":"celtica.cz","logo":{"@type":"ImageObject","@id":"\/logo.png","url":"\/logo.png","width":600,"height":60}},"image":{"@type":"ImageObject","@id":"https:\/\/www.celtica.cz\/wp-content\/uploads\/acropolis-gac0944cac_1920_1.jpg","url":"https:\/\/www.celtica.cz\/wp-content\/uploads\/acropolis-gac0944cac_1920_1.jpg","height":0,"width":0},"wordCount":525,"keywords":null},{"@type":"Article","@id":"https:\/\/www.celtica.cz\/libi-se-vam-ze-vas-kamarad-jezdi-na-motorce\/","headline":"L\u00edb\u00ed se V\u00e1m, \u017ee V\u00e1\u0161 kamar\u00e1d jezd\u00ed na motorce?","url":"https:\/\/www.celtica.cz\/libi-se-vam-ze-vas-kamarad-jezdi-na-motorce\/","datePublished":"2022-07-26","dateModified":"2023-06-14","mainEntityOfPage":"https:\/\/www.celtica.cz\/libi-se-vam-ze-vas-kamarad-jezdi-na-motorce\/","author":{"@type":"Person","@id":"https:\/\/www.celtica.cz\/author\/#Person","name":"","url":"https:\/\/www.celtica.cz\/author\/","identifier":1,"image":{"@type":"ImageObject","@id":"https:\/\/secure.gravatar.com\/avatar\/da76ffe9456a057fb26f92cd8eb3d2effca853864e9ae2a35290bd1e10b1f7d4?s=96&d=mm&r=g","url":"https:\/\/secure.gravatar.com\/avatar\/da76ffe9456a057fb26f92cd8eb3d2effca853864e9ae2a35290bd1e10b1f7d4?s=96&d=mm&r=g","height":96,"width":96}},"publisher":{"@type":"Organization","name":"celtica.cz","logo":{"@type":"ImageObject","@id":"\/logo.png","url":"\/logo.png","width":600,"height":60}},"image":{"@type":"ImageObject","@id":"https:\/\/www.celtica.cz\/wp-content\/uploads\/motorka_7.JPG","url":"https:\/\/www.celtica.cz\/wp-content\/uploads\/motorka_7.JPG","height":0,"width":0},"wordCount":812,"keywords":null},{"@type":"Article","@id":"https:\/\/www.celtica.cz\/motorkari-a-jejich-jezdeni-po-cestach\/","headline":"Motork\u00e1\u0159i a jejich je\u017ed\u011bn\u00ed po cest\u00e1ch","url":"https:\/\/www.celtica.cz\/motorkari-a-jejich-jezdeni-po-cestach\/","datePublished":"2022-07-25","dateModified":"2022-07-25","mainEntityOfPage":"https:\/\/www.celtica.cz\/motorkari-a-jejich-jezdeni-po-cestach\/","author":{"@type":"Person","@id":"https:\/\/www.celtica.cz\/author\/#Person","name":"","url":"https:\/\/www.celtica.cz\/author\/","identifier":1,"image":{"@type":"ImageObject","@id":"https:\/\/secure.gravatar.com\/avatar\/da76ffe9456a057fb26f92cd8eb3d2effca853864e9ae2a35290bd1e10b1f7d4?s=96&d=mm&r=g","url":"https:\/\/secure.gravatar.com\/avatar\/da76ffe9456a057fb26f92cd8eb3d2effca853864e9ae2a35290bd1e10b1f7d4?s=96&d=mm&r=g","height":96,"width":96}},"publisher":{"@type":"Organization","name":"celtica.cz","logo":{"@type":"ImageObject","@id":"\/logo.png","url":"\/logo.png","width":600,"height":60}},"image":{"@type":"ImageObject","@id":"https:\/\/www.celtica.cz\/wp-content\/uploads\/motorka_10_1.JPG","url":"https:\/\/www.celtica.cz\/wp-content\/uploads\/motorka_10_1.JPG","height":0,"width":0},"wordCount":646,"keywords":null},{"@type":"Article","@id":"https:\/\/www.celtica.cz\/posekat-travu-neni-vzdy-snadne\/","headline":"Posekat tr\u00e1vu nen\u00ed v\u017edy snadn\u00e9","url":"https:\/\/www.celtica.cz\/posekat-travu-neni-vzdy-snadne\/","datePublished":"2022-07-23","dateModified":"2023-06-14","mainEntityOfPage":"https:\/\/www.celtica.cz\/posekat-travu-neni-vzdy-snadne\/","author":{"@type":"Person","@id":"https:\/\/www.celtica.cz\/author\/#Person","name":"","url":"https:\/\/www.celtica.cz\/author\/","identifier":1,"image":{"@type":"ImageObject","@id":"https:\/\/secure.gravatar.com\/avatar\/da76ffe9456a057fb26f92cd8eb3d2effca853864e9ae2a35290bd1e10b1f7d4?s=96&d=mm&r=g","url":"https:\/\/secure.gravatar.com\/avatar\/da76ffe9456a057fb26f92cd8eb3d2effca853864e9ae2a35290bd1e10b1f7d4?s=96&d=mm&r=g","height":96,"width":96}},"publisher":{"@type":"Organization","name":"celtica.cz","logo":{"@type":"ImageObject","@id":"\/logo.png","url":"\/logo.png","width":600,"height":60}},"image":{"@type":"ImageObject","@id":"https:\/\/www.celtica.cz\/wp-content\/uploads\/pexels-mirko-fabian-12495785.jpg","url":"https:\/\/www.celtica.cz\/wp-content\/uploads\/pexels-mirko-fabian-12495785.jpg","height":0,"width":0},"wordCount":596,"keywords":null},{"@type":"Article","@id":"https:\/\/www.celtica.cz\/jak-nase-duse-dokaze-volat-o-pomoc-aneb-psychika-muze-ovlinovat-nase-fyzicke-zdravi\/","headline":"Jak na\u0161e du\u0161e dok\u00e1\u017ee volat o pomoc? Aneb Psychika m\u016f\u017ee ovli\u0148ovat na\u0161e fyzick\u00e9 zdrav\u00ed","url":"https:\/\/www.celtica.cz\/jak-nase-duse-dokaze-volat-o-pomoc-aneb-psychika-muze-ovlinovat-nase-fyzicke-zdravi\/","datePublished":"2022-07-22","dateModified":"2023-06-14","mainEntityOfPage":"https:\/\/www.celtica.cz\/jak-nase-duse-dokaze-volat-o-pomoc-aneb-psychika-muze-ovlinovat-nase-fyzicke-zdravi\/","author":{"@type":"Person","@id":"https:\/\/www.celtica.cz\/author\/#Person","name":"","url":"https:\/\/www.celtica.cz\/author\/","identifier":1,"image":{"@type":"ImageObject","@id":"https:\/\/secure.gravatar.com\/avatar\/da76ffe9456a057fb26f92cd8eb3d2effca853864e9ae2a35290bd1e10b1f7d4?s=96&d=mm&r=g","url":"https:\/\/secure.gravatar.com\/avatar\/da76ffe9456a057fb26f92cd8eb3d2effca853864e9ae2a35290bd1e10b1f7d4?s=96&d=mm&r=g","height":96,"width":96}},"publisher":{"@type":"Organization","name":"celtica.cz","logo":{"@type":"ImageObject","@id":"\/logo.png","url":"\/logo.png","width":600,"height":60}},"image":{"@type":"ImageObject","@id":"https:\/\/www.celtica.cz\/wp-content\/uploads\/desperate-2293377_1280.jpg","url":"https:\/\/www.celtica.cz\/wp-content\/uploads\/desperate-2293377_1280.jpg","height":0,"width":0},"wordCount":592,"keywords":null},{"@type":"Article","@id":"https:\/\/www.celtica.cz\/zlepsete-svuj-intimni-zivot\/","headline":"Zlep\u0161ete sv\u016fj intimn\u00ed \u017eivot","url":"https:\/\/www.celtica.cz\/zlepsete-svuj-intimni-zivot\/","datePublished":"2022-07-17","dateModified":"2023-06-14","mainEntityOfPage":"https:\/\/www.celtica.cz\/zlepsete-svuj-intimni-zivot\/","author":{"@type":"Person","@id":"https:\/\/www.celtica.cz\/author\/#Person","name":"","url":"https:\/\/www.celtica.cz\/author\/","identifier":1,"image":{"@type":"ImageObject","@id":"https:\/\/secure.gravatar.com\/avatar\/da76ffe9456a057fb26f92cd8eb3d2effca853864e9ae2a35290bd1e10b1f7d4?s=96&d=mm&r=g","url":"https:\/\/secure.gravatar.com\/avatar\/da76ffe9456a057fb26f92cd8eb3d2effca853864e9ae2a35290bd1e10b1f7d4?s=96&d=mm&r=g","height":96,"width":96}},"publisher":{"@type":"Organization","name":"celtica.cz","logo":{"@type":"ImageObject","@id":"\/logo.png","url":"\/logo.png","width":600,"height":60}},"image":{"@type":"ImageObject","@id":"https:\/\/www.celtica.cz\/wp-content\/uploads\/massage-therapy-1612308_640_3.jpg","url":"https:\/\/www.celtica.cz\/wp-content\/uploads\/massage-therapy-1612308_640_3.jpg","height":0,"width":0},"wordCount":586,"keywords":null},{"@type":"Article","@id":"https:\/\/www.celtica.cz\/prodavame-nemovitost\/","headline":"Prod\u00e1v\u00e1me nemovitost","url":"https:\/\/www.celtica.cz\/prodavame-nemovitost\/","datePublished":"2022-07-16","dateModified":"2023-06-14","mainEntityOfPage":"https:\/\/www.celtica.cz\/prodavame-nemovitost\/","author":{"@type":"Person","@id":"https:\/\/www.celtica.cz\/author\/#Person","name":"","url":"https:\/\/www.celtica.cz\/author\/","identifier":1,"image":{"@type":"ImageObject","@id":"https:\/\/secure.gravatar.com\/avatar\/da76ffe9456a057fb26f92cd8eb3d2effca853864e9ae2a35290bd1e10b1f7d4?s=96&d=mm&r=g","url":"https:\/\/secure.gravatar.com\/avatar\/da76ffe9456a057fb26f92cd8eb3d2effca853864e9ae2a35290bd1e10b1f7d4?s=96&d=mm&r=g","height":96,"width":96}},"publisher":{"@type":"Organization","name":"celtica.cz","logo":{"@type":"ImageObject","@id":"\/logo.png","url":"\/logo.png","width":600,"height":60}},"image":{"@type":"ImageObject","@id":"https:\/\/www.celtica.cz\/wp-content\/uploads\/podnikatelsk%C3%A1%20ulice_1.jpg","url":"https:\/\/www.celtica.cz\/wp-content\/uploads\/podnikatelsk%C3%A1%20ulice_1.jpg","height":0,"width":0},"wordCount":594,"keywords":null}]},{"@context":"https:\/\/schema.org","@type":"WebSite","@id":"https:\/\/www.celtica.cz\/#website","name":"Celtica","url":"https:\/\/www.celtica.cz","potentialAction":{"@type":"SearchAction","target":"https:\/\/www.celtica.cz\/?s={search_term_string}","query-input":"required name=search_term_string"}}]