[{"@context":"https:\/\/schema.org\/","@type":"Blog","@id":"https:\/\/www.celtica.cz#Blog","headline":"Celtica","description":"\nAby se lidem po ekonomick\u00e9 str\u00e1nce dob\u0159e da\u0159ilo, je pot\u0159eba, aby trh dostate\u010dn\u011b kvalitn\u011b fungoval, aby na n\u011bm nev\u00e1zla ani nab\u00eddka, ani popt\u00e1vka.","url":"https:\/\/www.celtica.cz","hasPart":[{"@type":"Article","@id":"https:\/\/www.celtica.cz\/kde-vzit-penize-na-nemovitost\/","headline":"Kde vz\u00edt pen\u00edze na nemovitost?","url":"https:\/\/www.celtica.cz\/kde-vzit-penize-na-nemovitost\/","datePublished":"2022-08-15","dateModified":"2023-06-14","mainEntityOfPage":"https:\/\/www.celtica.cz\/kde-vzit-penize-na-nemovitost\/","author":{"@type":"Person","@id":"https:\/\/www.celtica.cz\/author\/#Person","name":"","url":"https:\/\/www.celtica.cz\/author\/","identifier":1,"image":{"@type":"ImageObject","@id":"https:\/\/secure.gravatar.com\/avatar\/da76ffe9456a057fb26f92cd8eb3d2effca853864e9ae2a35290bd1e10b1f7d4?s=96&d=mm&r=g","url":"https:\/\/secure.gravatar.com\/avatar\/da76ffe9456a057fb26f92cd8eb3d2effca853864e9ae2a35290bd1e10b1f7d4?s=96&d=mm&r=g","height":96,"width":96}},"publisher":{"@type":"Organization","name":"celtica.cz","logo":{"@type":"ImageObject","@id":"\/logo.png","url":"\/logo.png","width":600,"height":60}},"image":{"@type":"ImageObject","@id":"https:\/\/www.celtica.cz\/wp-content\/uploads\/centy%20EU_10_10_1.jpg","url":"https:\/\/www.celtica.cz\/wp-content\/uploads\/centy%20EU_10_10_1.jpg","height":0,"width":0},"wordCount":761,"keywords":null},{"@type":"Article","@id":"https:\/\/www.celtica.cz\/jak-sehnat-penize\/","headline":"Jak sehnat pen\u00edze?","url":"https:\/\/www.celtica.cz\/jak-sehnat-penize\/","datePublished":"2022-08-15","dateModified":"2023-06-14","mainEntityOfPage":"https:\/\/www.celtica.cz\/jak-sehnat-penize\/","author":{"@type":"Person","@id":"https:\/\/www.celtica.cz\/author\/#Person","name":"","url":"https:\/\/www.celtica.cz\/author\/","identifier":1,"image":{"@type":"ImageObject","@id":"https:\/\/secure.gravatar.com\/avatar\/da76ffe9456a057fb26f92cd8eb3d2effca853864e9ae2a35290bd1e10b1f7d4?s=96&d=mm&r=g","url":"https:\/\/secure.gravatar.com\/avatar\/da76ffe9456a057fb26f92cd8eb3d2effca853864e9ae2a35290bd1e10b1f7d4?s=96&d=mm&r=g","height":96,"width":96}},"publisher":{"@type":"Organization","name":"celtica.cz","logo":{"@type":"ImageObject","@id":"\/logo.png","url":"\/logo.png","width":600,"height":60}},"image":{"@type":"ImageObject","@id":"https:\/\/www.celtica.cz\/wp-content\/uploads\/p%C3%A1r%20minc%C3%AD_10_1.jpg","url":"https:\/\/www.celtica.cz\/wp-content\/uploads\/p%C3%A1r%20minc%C3%AD_10_1.jpg","height":0,"width":0},"wordCount":876,"keywords":null},{"@type":"Article","@id":"https:\/\/www.celtica.cz\/po-krasnem-tele-nemusite-jen-touzit\/","headline":"Po kr\u00e1sn\u00e9m t\u011ble nemus\u00edte jen tou\u017eit","url":"https:\/\/www.celtica.cz\/po-krasnem-tele-nemusite-jen-touzit\/","datePublished":"2022-08-15","dateModified":"2023-06-14","mainEntityOfPage":"https:\/\/www.celtica.cz\/po-krasnem-tele-nemusite-jen-touzit\/","author":{"@type":"Person","@id":"https:\/\/www.celtica.cz\/author\/#Person","name":"","url":"https:\/\/www.celtica.cz\/author\/","identifier":1,"image":{"@type":"ImageObject","@id":"https:\/\/secure.gravatar.com\/avatar\/da76ffe9456a057fb26f92cd8eb3d2effca853864e9ae2a35290bd1e10b1f7d4?s=96&d=mm&r=g","url":"https:\/\/secure.gravatar.com\/avatar\/da76ffe9456a057fb26f92cd8eb3d2effca853864e9ae2a35290bd1e10b1f7d4?s=96&d=mm&r=g","height":96,"width":96}},"publisher":{"@type":"Organization","name":"celtica.cz","logo":{"@type":"ImageObject","@id":"\/logo.png","url":"\/logo.png","width":600,"height":60}},"image":{"@type":"ImageObject","@id":"https:\/\/www.celtica.cz\/wp-content\/uploads\/crossfit-534615_640_2.jpg","url":"https:\/\/www.celtica.cz\/wp-content\/uploads\/crossfit-534615_640_2.jpg","height":0,"width":0},"wordCount":581,"keywords":null},{"@type":"Article","@id":"https:\/\/www.celtica.cz\/uklizeno-bez-namahy\/","headline":"Uklizeno bez n\u00e1mahy","url":"https:\/\/www.celtica.cz\/uklizeno-bez-namahy\/","datePublished":"2022-08-15","dateModified":"2023-06-14","mainEntityOfPage":"https:\/\/www.celtica.cz\/uklizeno-bez-namahy\/","author":{"@type":"Person","@id":"https:\/\/www.celtica.cz\/author\/#Person","name":"","url":"https:\/\/www.celtica.cz\/author\/","identifier":1,"image":{"@type":"ImageObject","@id":"https:\/\/secure.gravatar.com\/avatar\/da76ffe9456a057fb26f92cd8eb3d2effca853864e9ae2a35290bd1e10b1f7d4?s=96&d=mm&r=g","url":"https:\/\/secure.gravatar.com\/avatar\/da76ffe9456a057fb26f92cd8eb3d2effca853864e9ae2a35290bd1e10b1f7d4?s=96&d=mm&r=g","height":96,"width":96}},"publisher":{"@type":"Organization","name":"celtica.cz","logo":{"@type":"ImageObject","@id":"\/logo.png","url":"\/logo.png","width":600,"height":60}},"image":{"@type":"ImageObject","@id":"https:\/\/www.celtica.cz\/wp-content\/uploads\/blinds-5928691_640.jpg","url":"https:\/\/www.celtica.cz\/wp-content\/uploads\/blinds-5928691_640.jpg","height":0,"width":0},"wordCount":618,"keywords":null},{"@type":"Article","@id":"https:\/\/www.celtica.cz\/na-stehovani-si-radeji-privstante\/","headline":"Na st\u011bhov\u00e1n\u00ed si rad\u011bji p\u0159ivsta\u0148te","url":"https:\/\/www.celtica.cz\/na-stehovani-si-radeji-privstante\/","datePublished":"2022-08-14","dateModified":"2023-09-27","mainEntityOfPage":"https:\/\/www.celtica.cz\/na-stehovani-si-radeji-privstante\/","author":{"@type":"Person","@id":"https:\/\/www.celtica.cz\/author\/#Person","name":"","url":"https:\/\/www.celtica.cz\/author\/","identifier":1,"image":{"@type":"ImageObject","@id":"https:\/\/secure.gravatar.com\/avatar\/da76ffe9456a057fb26f92cd8eb3d2effca853864e9ae2a35290bd1e10b1f7d4?s=96&d=mm&r=g","url":"https:\/\/secure.gravatar.com\/avatar\/da76ffe9456a057fb26f92cd8eb3d2effca853864e9ae2a35290bd1e10b1f7d4?s=96&d=mm&r=g","height":96,"width":96}},"publisher":{"@type":"Organization","name":"celtica.cz","logo":{"@type":"ImageObject","@id":"\/logo.png","url":"\/logo.png","width":600,"height":60}},"image":{"@type":"ImageObject","@id":"https:\/\/www.celtica.cz\/wp-content\/uploads\/moving-boxes-3407663_640_1.png","url":"https:\/\/www.celtica.cz\/wp-content\/uploads\/moving-boxes-3407663_640_1.png","height":0,"width":0},"wordCount":547,"keywords":null},{"@type":"Article","@id":"https:\/\/www.celtica.cz\/proc-muze-byt-tezke-sehnat-saty-xxl\/","headline":"Pro\u010d m\u016f\u017ee b\u00fdt t\u011b\u017ek\u00e9 sehnat \u0161aty xxl","url":"https:\/\/www.celtica.cz\/proc-muze-byt-tezke-sehnat-saty-xxl\/","datePublished":"2022-08-14","dateModified":"2023-06-14","mainEntityOfPage":"https:\/\/www.celtica.cz\/proc-muze-byt-tezke-sehnat-saty-xxl\/","author":{"@type":"Person","@id":"https:\/\/www.celtica.cz\/author\/#Person","name":"","url":"https:\/\/www.celtica.cz\/author\/","identifier":1,"image":{"@type":"ImageObject","@id":"https:\/\/secure.gravatar.com\/avatar\/da76ffe9456a057fb26f92cd8eb3d2effca853864e9ae2a35290bd1e10b1f7d4?s=96&d=mm&r=g","url":"https:\/\/secure.gravatar.com\/avatar\/da76ffe9456a057fb26f92cd8eb3d2effca853864e9ae2a35290bd1e10b1f7d4?s=96&d=mm&r=g","height":96,"width":96}},"publisher":{"@type":"Organization","name":"celtica.cz","logo":{"@type":"ImageObject","@id":"\/logo.png","url":"\/logo.png","width":600,"height":60}},"image":{"@type":"ImageObject","@id":"https:\/\/www.celtica.cz\/wp-content\/uploads\/barevne_saty_M7ZsQV.jpg","url":"https:\/\/www.celtica.cz\/wp-content\/uploads\/barevne_saty_M7ZsQV.jpg","height":0,"width":0},"wordCount":666,"keywords":null},{"@type":"Article","@id":"https:\/\/www.celtica.cz\/jaky-je-rozdil-mezi-hrou-na-pc-a-konzoli\/","headline":"Jak\u00fd je rozd\u00edl mezi hrou na PC a konzoli","url":"https:\/\/www.celtica.cz\/jaky-je-rozdil-mezi-hrou-na-pc-a-konzoli\/","datePublished":"2022-08-12","dateModified":"2023-06-14","mainEntityOfPage":"https:\/\/www.celtica.cz\/jaky-je-rozdil-mezi-hrou-na-pc-a-konzoli\/","author":{"@type":"Person","@id":"https:\/\/www.celtica.cz\/author\/#Person","name":"","url":"https:\/\/www.celtica.cz\/author\/","identifier":1,"image":{"@type":"ImageObject","@id":"https:\/\/secure.gravatar.com\/avatar\/da76ffe9456a057fb26f92cd8eb3d2effca853864e9ae2a35290bd1e10b1f7d4?s=96&d=mm&r=g","url":"https:\/\/secure.gravatar.com\/avatar\/da76ffe9456a057fb26f92cd8eb3d2effca853864e9ae2a35290bd1e10b1f7d4?s=96&d=mm&r=g","height":96,"width":96}},"publisher":{"@type":"Organization","name":"celtica.cz","logo":{"@type":"ImageObject","@id":"\/logo.png","url":"\/logo.png","width":600,"height":60}},"image":{"@type":"ImageObject","@id":"https:\/\/www.celtica.cz\/wp-content\/uploads\/pchra2_3.jpg","url":"https:\/\/www.celtica.cz\/wp-content\/uploads\/pchra2_3.jpg","height":0,"width":0},"wordCount":604,"keywords":null},{"@type":"Article","@id":"https:\/\/www.celtica.cz\/informatika-a-ja\/","headline":"Informatika a j\u00e1","url":"https:\/\/www.celtica.cz\/informatika-a-ja\/","datePublished":"2022-08-05","dateModified":"2023-06-14","mainEntityOfPage":"https:\/\/www.celtica.cz\/informatika-a-ja\/","author":{"@type":"Person","@id":"https:\/\/www.celtica.cz\/author\/#Person","name":"","url":"https:\/\/www.celtica.cz\/author\/","identifier":1,"image":{"@type":"ImageObject","@id":"https:\/\/secure.gravatar.com\/avatar\/da76ffe9456a057fb26f92cd8eb3d2effca853864e9ae2a35290bd1e10b1f7d4?s=96&d=mm&r=g","url":"https:\/\/secure.gravatar.com\/avatar\/da76ffe9456a057fb26f92cd8eb3d2effca853864e9ae2a35290bd1e10b1f7d4?s=96&d=mm&r=g","height":96,"width":96}},"publisher":{"@type":"Organization","name":"celtica.cz","logo":{"@type":"ImageObject","@id":"\/logo.png","url":"\/logo.png","width":600,"height":60}},"image":{"@type":"ImageObject","@id":"https:\/\/www.celtica.cz\/wp-content\/uploads\/computer-2563737_960_720.jpg","url":"https:\/\/www.celtica.cz\/wp-content\/uploads\/computer-2563737_960_720.jpg","height":0,"width":0},"wordCount":517,"keywords":null},{"@type":"Article","@id":"https:\/\/www.celtica.cz\/kultura-je-dulezita\/","headline":"Kultura je d\u016fle\u017eit\u00e1","url":"https:\/\/www.celtica.cz\/kultura-je-dulezita\/","datePublished":"2022-07-30","dateModified":"2023-06-14","mainEntityOfPage":"https:\/\/www.celtica.cz\/kultura-je-dulezita\/","author":{"@type":"Person","@id":"https:\/\/www.celtica.cz\/author\/#Person","name":"","url":"https:\/\/www.celtica.cz\/author\/","identifier":1,"image":{"@type":"ImageObject","@id":"https:\/\/secure.gravatar.com\/avatar\/da76ffe9456a057fb26f92cd8eb3d2effca853864e9ae2a35290bd1e10b1f7d4?s=96&d=mm&r=g","url":"https:\/\/secure.gravatar.com\/avatar\/da76ffe9456a057fb26f92cd8eb3d2effca853864e9ae2a35290bd1e10b1f7d4?s=96&d=mm&r=g","height":96,"width":96}},"publisher":{"@type":"Organization","name":"celtica.cz","logo":{"@type":"ImageObject","@id":"\/logo.png","url":"\/logo.png","width":600,"height":60}},"image":{"@type":"ImageObject","@id":"https:\/\/www.celtica.cz\/wp-content\/uploads\/acropolis-gac0944cac_1920_1.jpg","url":"https:\/\/www.celtica.cz\/wp-content\/uploads\/acropolis-gac0944cac_1920_1.jpg","height":0,"width":0},"wordCount":525,"keywords":null},{"@type":"Article","@id":"https:\/\/www.celtica.cz\/libi-se-vam-ze-vas-kamarad-jezdi-na-motorce\/","headline":"L\u00edb\u00ed se V\u00e1m, \u017ee V\u00e1\u0161 kamar\u00e1d jezd\u00ed na motorce?","url":"https:\/\/www.celtica.cz\/libi-se-vam-ze-vas-kamarad-jezdi-na-motorce\/","datePublished":"2022-07-26","dateModified":"2023-06-14","mainEntityOfPage":"https:\/\/www.celtica.cz\/libi-se-vam-ze-vas-kamarad-jezdi-na-motorce\/","author":{"@type":"Person","@id":"https:\/\/www.celtica.cz\/author\/#Person","name":"","url":"https:\/\/www.celtica.cz\/author\/","identifier":1,"image":{"@type":"ImageObject","@id":"https:\/\/secure.gravatar.com\/avatar\/da76ffe9456a057fb26f92cd8eb3d2effca853864e9ae2a35290bd1e10b1f7d4?s=96&d=mm&r=g","url":"https:\/\/secure.gravatar.com\/avatar\/da76ffe9456a057fb26f92cd8eb3d2effca853864e9ae2a35290bd1e10b1f7d4?s=96&d=mm&r=g","height":96,"width":96}},"publisher":{"@type":"Organization","name":"celtica.cz","logo":{"@type":"ImageObject","@id":"\/logo.png","url":"\/logo.png","width":600,"height":60}},"image":{"@type":"ImageObject","@id":"https:\/\/www.celtica.cz\/wp-content\/uploads\/motorka_7.JPG","url":"https:\/\/www.celtica.cz\/wp-content\/uploads\/motorka_7.JPG","height":0,"width":0},"wordCount":812,"keywords":null}]},{"@context":"https:\/\/schema.org","@type":"WebSite","@id":"https:\/\/www.celtica.cz\/#website","name":"Celtica","url":"https:\/\/www.celtica.cz","potentialAction":{"@type":"SearchAction","target":"https:\/\/www.celtica.cz\/?s={search_term_string}","query-input":"required name=search_term_string"}}]