[{"@context":"https:\/\/schema.org\/","@type":"Blog","@id":"https:\/\/www.celtica.cz#Blog","headline":"Celtica","description":"\nAby se lidem po ekonomick\u00e9 str\u00e1nce dob\u0159e da\u0159ilo, je pot\u0159eba, aby trh dostate\u010dn\u011b kvalitn\u011b fungoval, aby na n\u011bm nev\u00e1zla ani nab\u00eddka, ani popt\u00e1vka.","url":"https:\/\/www.celtica.cz","hasPart":[{"@type":"Article","@id":"https:\/\/www.celtica.cz\/kam-vyrazit-na-hory\/","headline":"Kam vyrazit na hory?","url":"https:\/\/www.celtica.cz\/kam-vyrazit-na-hory\/","datePublished":"2022-07-08","dateModified":"2023-06-14","mainEntityOfPage":"https:\/\/www.celtica.cz\/kam-vyrazit-na-hory\/","author":{"@type":"Person","@id":"https:\/\/www.celtica.cz\/author\/#Person","name":"","url":"https:\/\/www.celtica.cz\/author\/","identifier":1,"image":{"@type":"ImageObject","@id":"https:\/\/secure.gravatar.com\/avatar\/da76ffe9456a057fb26f92cd8eb3d2effca853864e9ae2a35290bd1e10b1f7d4?s=96&d=mm&r=g","url":"https:\/\/secure.gravatar.com\/avatar\/da76ffe9456a057fb26f92cd8eb3d2effca853864e9ae2a35290bd1e10b1f7d4?s=96&d=mm&r=g","height":96,"width":96}},"publisher":{"@type":"Organization","name":"celtica.cz","logo":{"@type":"ImageObject","@id":"\/logo.png","url":"\/logo.png","width":600,"height":60}},"image":{"@type":"ImageObject","@id":"https:\/\/www.celtica.cz\/wp-content\/uploads\/pexels-daniel-frank-352093.jpg","url":"https:\/\/www.celtica.cz\/wp-content\/uploads\/pexels-daniel-frank-352093.jpg","height":0,"width":0},"wordCount":784,"keywords":null},{"@type":"Article","@id":"https:\/\/www.celtica.cz\/riko-nesa-je-kocarek-do-mesta-na-nakup-i-na-prochazku-do-lesa\/","headline":"Riko Nesa je ko\u010d\u00e1rek do m\u011bsta na n\u00e1kup i na proch\u00e1zku do lesa","url":"https:\/\/www.celtica.cz\/riko-nesa-je-kocarek-do-mesta-na-nakup-i-na-prochazku-do-lesa\/","datePublished":"2022-07-08","dateModified":"2023-06-14","mainEntityOfPage":"https:\/\/www.celtica.cz\/riko-nesa-je-kocarek-do-mesta-na-nakup-i-na-prochazku-do-lesa\/","author":{"@type":"Person","@id":"https:\/\/www.celtica.cz\/author\/#Person","name":"","url":"https:\/\/www.celtica.cz\/author\/","identifier":1,"image":{"@type":"ImageObject","@id":"https:\/\/secure.gravatar.com\/avatar\/da76ffe9456a057fb26f92cd8eb3d2effca853864e9ae2a35290bd1e10b1f7d4?s=96&d=mm&r=g","url":"https:\/\/secure.gravatar.com\/avatar\/da76ffe9456a057fb26f92cd8eb3d2effca853864e9ae2a35290bd1e10b1f7d4?s=96&d=mm&r=g","height":96,"width":96}},"publisher":{"@type":"Organization","name":"celtica.cz","logo":{"@type":"ImageObject","@id":"\/logo.png","url":"\/logo.png","width":600,"height":60}},"image":{"@type":"ImageObject","@id":"https:\/\/www.celtica.cz\/wp-content\/uploads\/pram-967731_640.jpg","url":"https:\/\/www.celtica.cz\/wp-content\/uploads\/pram-967731_640.jpg","height":0,"width":0},"wordCount":564,"keywords":null},{"@type":"Article","@id":"https:\/\/www.celtica.cz\/tasky-z-netkane-techhtiliechrani-prirodu\/","headline":"Ta\u0161ky z netkan\u00e9 techhtiliechr\u00e1n\u00ed p\u0159\u00edrodu","url":"https:\/\/www.celtica.cz\/tasky-z-netkane-techhtiliechrani-prirodu\/","datePublished":"2022-06-23","dateModified":"2023-06-14","mainEntityOfPage":"https:\/\/www.celtica.cz\/tasky-z-netkane-techhtiliechrani-prirodu\/","author":{"@type":"Person","@id":"https:\/\/www.celtica.cz\/author\/#Person","name":"","url":"https:\/\/www.celtica.cz\/author\/","identifier":1,"image":{"@type":"ImageObject","@id":"https:\/\/secure.gravatar.com\/avatar\/da76ffe9456a057fb26f92cd8eb3d2effca853864e9ae2a35290bd1e10b1f7d4?s=96&d=mm&r=g","url":"https:\/\/secure.gravatar.com\/avatar\/da76ffe9456a057fb26f92cd8eb3d2effca853864e9ae2a35290bd1e10b1f7d4?s=96&d=mm&r=g","height":96,"width":96}},"publisher":{"@type":"Organization","name":"celtica.cz","logo":{"@type":"ImageObject","@id":"\/logo.png","url":"\/logo.png","width":600,"height":60}},"image":{"@type":"ImageObject","@id":"https:\/\/www.celtica.cz\/wp-content\/uploads\/92499_set.jpg","url":"https:\/\/www.celtica.cz\/wp-content\/uploads\/92499_set.jpg","height":0,"width":0},"wordCount":636,"keywords":null},{"@type":"Article","@id":"https:\/\/www.celtica.cz\/setrime-s-jidlem\/","headline":"\u0160et\u0159\u00edme s j\u00eddlem","url":"https:\/\/www.celtica.cz\/setrime-s-jidlem\/","datePublished":"2022-06-18","dateModified":"2022-06-18","mainEntityOfPage":"https:\/\/www.celtica.cz\/setrime-s-jidlem\/","author":{"@type":"Person","@id":"https:\/\/www.celtica.cz\/author\/#Person","name":"","url":"https:\/\/www.celtica.cz\/author\/","identifier":1,"image":{"@type":"ImageObject","@id":"https:\/\/secure.gravatar.com\/avatar\/da76ffe9456a057fb26f92cd8eb3d2effca853864e9ae2a35290bd1e10b1f7d4?s=96&d=mm&r=g","url":"https:\/\/secure.gravatar.com\/avatar\/da76ffe9456a057fb26f92cd8eb3d2effca853864e9ae2a35290bd1e10b1f7d4?s=96&d=mm&r=g","height":96,"width":96}},"publisher":{"@type":"Organization","name":"celtica.cz","logo":{"@type":"ImageObject","@id":"\/logo.png","url":"\/logo.png","width":600,"height":60}},"image":{"@type":"ImageObject","@id":"https:\/\/www.celtica.cz\/wp-content\/uploads\/linden-gadbcd530a_640.jpg","url":"https:\/\/www.celtica.cz\/wp-content\/uploads\/linden-gadbcd530a_640.jpg","height":0,"width":0},"wordCount":625,"keywords":null},{"@type":"Article","@id":"https:\/\/www.celtica.cz\/draha-elektrina-neni-nutnosti\/","headline":"Drah\u00e1 elekt\u0159ina nen\u00ed nutnost\u00ed","url":"https:\/\/www.celtica.cz\/draha-elektrina-neni-nutnosti\/","datePublished":"2022-06-08","dateModified":"2024-02-07","mainEntityOfPage":"https:\/\/www.celtica.cz\/draha-elektrina-neni-nutnosti\/","author":{"@type":"Person","@id":"https:\/\/www.celtica.cz\/author\/#Person","name":"","url":"https:\/\/www.celtica.cz\/author\/","identifier":1,"image":{"@type":"ImageObject","@id":"https:\/\/secure.gravatar.com\/avatar\/da76ffe9456a057fb26f92cd8eb3d2effca853864e9ae2a35290bd1e10b1f7d4?s=96&d=mm&r=g","url":"https:\/\/secure.gravatar.com\/avatar\/da76ffe9456a057fb26f92cd8eb3d2effca853864e9ae2a35290bd1e10b1f7d4?s=96&d=mm&r=g","height":96,"width":96}},"publisher":{"@type":"Organization","name":"celtica.cz","logo":{"@type":"ImageObject","@id":"\/logo.png","url":"\/logo.png","width":600,"height":60}},"image":{"@type":"ImageObject","@id":"https:\/\/www.celtica.cz\/wp-content\/uploads\/fotovoltaick%C3%A9%20%C4%8Dl%C3%A1nky.jpg","url":"https:\/\/www.celtica.cz\/wp-content\/uploads\/fotovoltaick%C3%A9%20%C4%8Dl%C3%A1nky.jpg","height":0,"width":0},"wordCount":636,"keywords":null},{"@type":"Article","@id":"https:\/\/www.celtica.cz\/nerezove-zabradli-vas-ochrani\/","headline":"Nerezov\u00e9 z\u00e1bradl\u00ed v\u00e1s ochr\u00e1n\u00ed","url":"https:\/\/www.celtica.cz\/nerezove-zabradli-vas-ochrani\/","datePublished":"2022-05-30","dateModified":"2022-05-30","mainEntityOfPage":"https:\/\/www.celtica.cz\/nerezove-zabradli-vas-ochrani\/","author":{"@type":"Person","@id":"https:\/\/www.celtica.cz\/author\/#Person","name":"","url":"https:\/\/www.celtica.cz\/author\/","identifier":1,"image":{"@type":"ImageObject","@id":"https:\/\/secure.gravatar.com\/avatar\/da76ffe9456a057fb26f92cd8eb3d2effca853864e9ae2a35290bd1e10b1f7d4?s=96&d=mm&r=g","url":"https:\/\/secure.gravatar.com\/avatar\/da76ffe9456a057fb26f92cd8eb3d2effca853864e9ae2a35290bd1e10b1f7d4?s=96&d=mm&r=g","height":96,"width":96}},"publisher":{"@type":"Organization","name":"celtica.cz","logo":{"@type":"ImageObject","@id":"\/logo.png","url":"\/logo.png","width":600,"height":60}},"image":{"@type":"ImageObject","@id":"https:\/\/www.celtica.cz\/wp-content\/uploads\/nerez%20a%20z%C3%A1bradl%C3%AD.JPG","url":"https:\/\/www.celtica.cz\/wp-content\/uploads\/nerez%20a%20z%C3%A1bradl%C3%AD.JPG","height":0,"width":0},"wordCount":709,"keywords":null},{"@type":"Article","@id":"https:\/\/www.celtica.cz\/muzi-a-zeny\/","headline":"Mu\u017ei a \u017eeny","url":"https:\/\/www.celtica.cz\/muzi-a-zeny\/","datePublished":"2022-05-29","dateModified":"2023-06-14","mainEntityOfPage":"https:\/\/www.celtica.cz\/muzi-a-zeny\/","author":{"@type":"Person","@id":"https:\/\/www.celtica.cz\/author\/#Person","name":"","url":"https:\/\/www.celtica.cz\/author\/","identifier":1,"image":{"@type":"ImageObject","@id":"https:\/\/secure.gravatar.com\/avatar\/da76ffe9456a057fb26f92cd8eb3d2effca853864e9ae2a35290bd1e10b1f7d4?s=96&d=mm&r=g","url":"https:\/\/secure.gravatar.com\/avatar\/da76ffe9456a057fb26f92cd8eb3d2effca853864e9ae2a35290bd1e10b1f7d4?s=96&d=mm&r=g","height":96,"width":96}},"publisher":{"@type":"Organization","name":"celtica.cz","logo":{"@type":"ImageObject","@id":"\/logo.png","url":"\/logo.png","width":600,"height":60}},"image":{"@type":"ImageObject","@id":"https:\/\/www.celtica.cz\/wp-content\/uploads\/moda1_4.jpg","url":"https:\/\/www.celtica.cz\/wp-content\/uploads\/moda1_4.jpg","height":0,"width":0},"wordCount":572,"keywords":null},{"@type":"Article","@id":"https:\/\/www.celtica.cz\/zlaty-cesky-slavik\/","headline":"Zlat\u00fd \u010cesk\u00fd slav\u00edk","url":"https:\/\/www.celtica.cz\/zlaty-cesky-slavik\/","datePublished":"2022-05-21","dateModified":"2023-06-14","mainEntityOfPage":"https:\/\/www.celtica.cz\/zlaty-cesky-slavik\/","author":{"@type":"Person","@id":"https:\/\/www.celtica.cz\/author\/#Person","name":"","url":"https:\/\/www.celtica.cz\/author\/","identifier":1,"image":{"@type":"ImageObject","@id":"https:\/\/secure.gravatar.com\/avatar\/da76ffe9456a057fb26f92cd8eb3d2effca853864e9ae2a35290bd1e10b1f7d4?s=96&d=mm&r=g","url":"https:\/\/secure.gravatar.com\/avatar\/da76ffe9456a057fb26f92cd8eb3d2effca853864e9ae2a35290bd1e10b1f7d4?s=96&d=mm&r=g","height":96,"width":96}},"publisher":{"@type":"Organization","name":"celtica.cz","logo":{"@type":"ImageObject","@id":"\/logo.png","url":"\/logo.png","width":600,"height":60}},"image":{"@type":"ImageObject","@id":"https:\/\/www.celtica.cz\/wp-content\/uploads\/youtube-g3bb3980b7_640_1.jpg","url":"https:\/\/www.celtica.cz\/wp-content\/uploads\/youtube-g3bb3980b7_640_1.jpg","height":0,"width":0},"wordCount":474,"keywords":null},{"@type":"Article","@id":"https:\/\/www.celtica.cz\/tipy-jak-jit-na-plaz-s-detmi\/","headline":"Tipy, jak j\u00edt na pl\u00e1\u017e s d\u011btmi","url":"https:\/\/www.celtica.cz\/tipy-jak-jit-na-plaz-s-detmi\/","datePublished":"2022-05-09","dateModified":"2023-06-14","mainEntityOfPage":"https:\/\/www.celtica.cz\/tipy-jak-jit-na-plaz-s-detmi\/","author":{"@type":"Person","@id":"https:\/\/www.celtica.cz\/author\/#Person","name":"","url":"https:\/\/www.celtica.cz\/author\/","identifier":1,"image":{"@type":"ImageObject","@id":"https:\/\/secure.gravatar.com\/avatar\/da76ffe9456a057fb26f92cd8eb3d2effca853864e9ae2a35290bd1e10b1f7d4?s=96&d=mm&r=g","url":"https:\/\/secure.gravatar.com\/avatar\/da76ffe9456a057fb26f92cd8eb3d2effca853864e9ae2a35290bd1e10b1f7d4?s=96&d=mm&r=g","height":96,"width":96}},"publisher":{"@type":"Organization","name":"celtica.cz","logo":{"@type":"ImageObject","@id":"\/logo.png","url":"\/logo.png","width":600,"height":60}},"image":{"@type":"ImageObject","@id":"https:\/\/www.celtica.cz\/wp-content\/uploads\/children-gc9cda27ce_1920_1.jpg","url":"https:\/\/www.celtica.cz\/wp-content\/uploads\/children-gc9cda27ce_1920_1.jpg","height":0,"width":0},"wordCount":446,"keywords":null},{"@type":"Article","@id":"https:\/\/www.celtica.cz\/vydejte-se-na-motorce-po-cesku\/","headline":"Vydejte se na motorce po \u010cesku","url":"https:\/\/www.celtica.cz\/vydejte-se-na-motorce-po-cesku\/","datePublished":"2022-05-05","dateModified":"2023-06-14","mainEntityOfPage":"https:\/\/www.celtica.cz\/vydejte-se-na-motorce-po-cesku\/","author":{"@type":"Person","@id":"https:\/\/www.celtica.cz\/author\/#Person","name":"","url":"https:\/\/www.celtica.cz\/author\/","identifier":1,"image":{"@type":"ImageObject","@id":"https:\/\/secure.gravatar.com\/avatar\/da76ffe9456a057fb26f92cd8eb3d2effca853864e9ae2a35290bd1e10b1f7d4?s=96&d=mm&r=g","url":"https:\/\/secure.gravatar.com\/avatar\/da76ffe9456a057fb26f92cd8eb3d2effca853864e9ae2a35290bd1e10b1f7d4?s=96&d=mm&r=g","height":96,"width":96}},"publisher":{"@type":"Organization","name":"celtica.cz","logo":{"@type":"ImageObject","@id":"\/logo.png","url":"\/logo.png","width":600,"height":60}},"image":{"@type":"ImageObject","@id":"https:\/\/www.celtica.cz\/wp-content\/uploads\/pexels-photo-1715185.jpeg","url":"https:\/\/www.celtica.cz\/wp-content\/uploads\/pexels-photo-1715185.jpeg","height":0,"width":0},"wordCount":491,"keywords":null}]},{"@context":"https:\/\/schema.org","@type":"WebSite","@id":"https:\/\/www.celtica.cz\/#website","name":"Celtica","url":"https:\/\/www.celtica.cz","potentialAction":{"@type":"SearchAction","target":"https:\/\/www.celtica.cz\/?s={search_term_string}","query-input":"required name=search_term_string"}}]