[{"@context":"https:\/\/schema.org\/","@type":"Blog","@id":"https:\/\/www.celtica.cz#Blog","headline":"Celtica","description":"\nAby se lidem po ekonomick\u00e9 str\u00e1nce dob\u0159e da\u0159ilo, je pot\u0159eba, aby trh dostate\u010dn\u011b kvalitn\u011b fungoval, aby na n\u011bm nev\u00e1zla ani nab\u00eddka, ani popt\u00e1vka.","url":"https:\/\/www.celtica.cz","hasPart":[{"@type":"Article","@id":"https:\/\/www.celtica.cz\/konecne-nastal-ten-spravny-cas-na-zmenu\/","headline":"Kone\u010dn\u011b nastal ten spr\u00e1vn\u00fd \u010das na zm\u011bnu","url":"https:\/\/www.celtica.cz\/konecne-nastal-ten-spravny-cas-na-zmenu\/","datePublished":"2025-02-28","dateModified":"2025-02-28","mainEntityOfPage":"https:\/\/www.celtica.cz\/konecne-nastal-ten-spravny-cas-na-zmenu\/","author":{"@type":"Person","@id":"https:\/\/www.celtica.cz\/author\/#Person","name":"","url":"https:\/\/www.celtica.cz\/author\/","identifier":1,"image":{"@type":"ImageObject","@id":"https:\/\/secure.gravatar.com\/avatar\/da76ffe9456a057fb26f92cd8eb3d2effca853864e9ae2a35290bd1e10b1f7d4?s=96&d=mm&r=g","url":"https:\/\/secure.gravatar.com\/avatar\/da76ffe9456a057fb26f92cd8eb3d2effca853864e9ae2a35290bd1e10b1f7d4?s=96&d=mm&r=g","height":96,"width":96}},"publisher":{"@type":"Organization","name":"celtica.cz","logo":{"@type":"ImageObject","@id":"\/logo.png","url":"\/logo.png","width":600,"height":60}},"image":null,"wordCount":215,"keywords":null},{"@type":"Article","@id":"https:\/\/www.celtica.cz\/nase-potahove-latky-vam-velice-prijemne-a-ucelne-zutulni-vas-interier\/","headline":"Na\u0161e potahov\u00e9 l\u00e1tky v\u00e1m velice p\u0159\u00edjemn\u011b a \u00fa\u010deln\u011b z\u00fatuln\u00ed v\u00e1\u0161 interi\u00e9r","url":"https:\/\/www.celtica.cz\/nase-potahove-latky-vam-velice-prijemne-a-ucelne-zutulni-vas-interier\/","datePublished":"2025-02-22","dateModified":"2025-02-22","mainEntityOfPage":"https:\/\/www.celtica.cz\/nase-potahove-latky-vam-velice-prijemne-a-ucelne-zutulni-vas-interier\/","author":{"@type":"Person","@id":"https:\/\/www.celtica.cz\/author\/#Person","name":"","url":"https:\/\/www.celtica.cz\/author\/","identifier":1,"image":{"@type":"ImageObject","@id":"https:\/\/secure.gravatar.com\/avatar\/da76ffe9456a057fb26f92cd8eb3d2effca853864e9ae2a35290bd1e10b1f7d4?s=96&d=mm&r=g","url":"https:\/\/secure.gravatar.com\/avatar\/da76ffe9456a057fb26f92cd8eb3d2effca853864e9ae2a35290bd1e10b1f7d4?s=96&d=mm&r=g","height":96,"width":96}},"publisher":{"@type":"Organization","name":"celtica.cz","logo":{"@type":"ImageObject","@id":"\/logo.png","url":"\/logo.png","width":600,"height":60}},"image":null,"wordCount":244,"keywords":null},{"@type":"Article","@id":"https:\/\/www.celtica.cz\/vasen-nebo-zavislost\/","headline":"V\u00e1\u0161e\u0148 nebo z\u00e1vislost?","url":"https:\/\/www.celtica.cz\/vasen-nebo-zavislost\/","datePublished":"2025-02-17","dateModified":"2025-02-17","mainEntityOfPage":"https:\/\/www.celtica.cz\/vasen-nebo-zavislost\/","author":{"@type":"Person","@id":"https:\/\/www.celtica.cz\/author\/#Person","name":"","url":"https:\/\/www.celtica.cz\/author\/","identifier":1,"image":{"@type":"ImageObject","@id":"https:\/\/secure.gravatar.com\/avatar\/da76ffe9456a057fb26f92cd8eb3d2effca853864e9ae2a35290bd1e10b1f7d4?s=96&d=mm&r=g","url":"https:\/\/secure.gravatar.com\/avatar\/da76ffe9456a057fb26f92cd8eb3d2effca853864e9ae2a35290bd1e10b1f7d4?s=96&d=mm&r=g","height":96,"width":96}},"publisher":{"@type":"Organization","name":"celtica.cz","logo":{"@type":"ImageObject","@id":"\/logo.png","url":"\/logo.png","width":600,"height":60}},"image":{"@type":"ImageObject","@id":"https:\/\/www.celtica.cz\/wp-content\/uploads\/uwell-3852653_640.jpg","url":"https:\/\/www.celtica.cz\/wp-content\/uploads\/uwell-3852653_640.jpg","height":0,"width":0},"wordCount":661,"keywords":null},{"@type":"Article","@id":"https:\/\/www.celtica.cz\/moderni-vybaveni-skladu-i-vasich-hal\/","headline":"Modern\u00ed vybaven\u00ed sklad\u016f i va\u0161ich hal","url":"https:\/\/www.celtica.cz\/moderni-vybaveni-skladu-i-vasich-hal\/","datePublished":"2025-02-14","dateModified":"2025-02-14","mainEntityOfPage":"https:\/\/www.celtica.cz\/moderni-vybaveni-skladu-i-vasich-hal\/","author":{"@type":"Person","@id":"https:\/\/www.celtica.cz\/author\/#Person","name":"","url":"https:\/\/www.celtica.cz\/author\/","identifier":1,"image":{"@type":"ImageObject","@id":"https:\/\/secure.gravatar.com\/avatar\/da76ffe9456a057fb26f92cd8eb3d2effca853864e9ae2a35290bd1e10b1f7d4?s=96&d=mm&r=g","url":"https:\/\/secure.gravatar.com\/avatar\/da76ffe9456a057fb26f92cd8eb3d2effca853864e9ae2a35290bd1e10b1f7d4?s=96&d=mm&r=g","height":96,"width":96}},"publisher":{"@type":"Organization","name":"celtica.cz","logo":{"@type":"ImageObject","@id":"\/logo.png","url":"\/logo.png","width":600,"height":60}},"image":null,"wordCount":220,"keywords":null},{"@type":"Article","@id":"https:\/\/www.celtica.cz\/objevte-kouzlo-nasich-produktu\/","headline":"Objevte kouzlo na\u0161ich produkt\u016f!","url":"https:\/\/www.celtica.cz\/objevte-kouzlo-nasich-produktu\/","datePublished":"2025-02-04","dateModified":"2025-02-04","mainEntityOfPage":"https:\/\/www.celtica.cz\/objevte-kouzlo-nasich-produktu\/","author":{"@type":"Person","@id":"https:\/\/www.celtica.cz\/author\/#Person","name":"","url":"https:\/\/www.celtica.cz\/author\/","identifier":1,"image":{"@type":"ImageObject","@id":"https:\/\/secure.gravatar.com\/avatar\/da76ffe9456a057fb26f92cd8eb3d2effca853864e9ae2a35290bd1e10b1f7d4?s=96&d=mm&r=g","url":"https:\/\/secure.gravatar.com\/avatar\/da76ffe9456a057fb26f92cd8eb3d2effca853864e9ae2a35290bd1e10b1f7d4?s=96&d=mm&r=g","height":96,"width":96}},"publisher":{"@type":"Organization","name":"celtica.cz","logo":{"@type":"ImageObject","@id":"\/logo.png","url":"\/logo.png","width":600,"height":60}},"image":null,"wordCount":243,"keywords":null},{"@type":"Article","@id":"https:\/\/www.celtica.cz\/chorvatsko-dovolena\/","headline":"Chorvatsko dovolen\u00e1","url":"https:\/\/www.celtica.cz\/chorvatsko-dovolena\/","datePublished":"2025-01-29","dateModified":"2025-01-29","mainEntityOfPage":"https:\/\/www.celtica.cz\/chorvatsko-dovolena\/","author":{"@type":"Person","@id":"https:\/\/www.celtica.cz\/author\/#Person","name":"","url":"https:\/\/www.celtica.cz\/author\/","identifier":1,"image":{"@type":"ImageObject","@id":"https:\/\/secure.gravatar.com\/avatar\/da76ffe9456a057fb26f92cd8eb3d2effca853864e9ae2a35290bd1e10b1f7d4?s=96&d=mm&r=g","url":"https:\/\/secure.gravatar.com\/avatar\/da76ffe9456a057fb26f92cd8eb3d2effca853864e9ae2a35290bd1e10b1f7d4?s=96&d=mm&r=g","height":96,"width":96}},"publisher":{"@type":"Organization","name":"celtica.cz","logo":{"@type":"ImageObject","@id":"\/logo.png","url":"\/logo.png","width":600,"height":60}},"image":null,"wordCount":218,"keywords":null},{"@type":"Article","@id":"https:\/\/www.celtica.cz\/wellness-sumava\/","headline":"Wellness \u0160umava","url":"https:\/\/www.celtica.cz\/wellness-sumava\/","datePublished":"2025-01-22","dateModified":"2025-01-22","mainEntityOfPage":"https:\/\/www.celtica.cz\/wellness-sumava\/","author":{"@type":"Person","@id":"https:\/\/www.celtica.cz\/author\/#Person","name":"","url":"https:\/\/www.celtica.cz\/author\/","identifier":1,"image":{"@type":"ImageObject","@id":"https:\/\/secure.gravatar.com\/avatar\/da76ffe9456a057fb26f92cd8eb3d2effca853864e9ae2a35290bd1e10b1f7d4?s=96&d=mm&r=g","url":"https:\/\/secure.gravatar.com\/avatar\/da76ffe9456a057fb26f92cd8eb3d2effca853864e9ae2a35290bd1e10b1f7d4?s=96&d=mm&r=g","height":96,"width":96}},"publisher":{"@type":"Organization","name":"celtica.cz","logo":{"@type":"ImageObject","@id":"\/logo.png","url":"\/logo.png","width":600,"height":60}},"image":null,"wordCount":221,"keywords":null},{"@type":"Article","@id":"https:\/\/www.celtica.cz\/plastovy-bazen-je-idealni-volba\/","headline":"Plastov\u00fd baz\u00e9n je ide\u00e1ln\u00ed volba","url":"https:\/\/www.celtica.cz\/plastovy-bazen-je-idealni-volba\/","datePublished":"2025-01-21","dateModified":"2025-01-21","mainEntityOfPage":"https:\/\/www.celtica.cz\/plastovy-bazen-je-idealni-volba\/","author":{"@type":"Person","@id":"https:\/\/www.celtica.cz\/author\/#Person","name":"","url":"https:\/\/www.celtica.cz\/author\/","identifier":1,"image":{"@type":"ImageObject","@id":"https:\/\/secure.gravatar.com\/avatar\/da76ffe9456a057fb26f92cd8eb3d2effca853864e9ae2a35290bd1e10b1f7d4?s=96&d=mm&r=g","url":"https:\/\/secure.gravatar.com\/avatar\/da76ffe9456a057fb26f92cd8eb3d2effca853864e9ae2a35290bd1e10b1f7d4?s=96&d=mm&r=g","height":96,"width":96}},"publisher":{"@type":"Organization","name":"celtica.cz","logo":{"@type":"ImageObject","@id":"\/logo.png","url":"\/logo.png","width":600,"height":60}},"image":{"@type":"ImageObject","@id":"https:\/\/www.celtica.cz\/wp-content\/uploads\/luxury-3247935_640_4.jpg","url":"https:\/\/www.celtica.cz\/wp-content\/uploads\/luxury-3247935_640_4.jpg","height":0,"width":0},"wordCount":632,"keywords":null},{"@type":"Article","@id":"https:\/\/www.celtica.cz\/na-pohled-krasny-nabytek\/","headline":"Na pohled kr\u00e1sn\u00fd n\u00e1bytek","url":"https:\/\/www.celtica.cz\/na-pohled-krasny-nabytek\/","datePublished":"2025-01-14","dateModified":"2025-01-14","mainEntityOfPage":"https:\/\/www.celtica.cz\/na-pohled-krasny-nabytek\/","author":{"@type":"Person","@id":"https:\/\/www.celtica.cz\/author\/#Person","name":"","url":"https:\/\/www.celtica.cz\/author\/","identifier":1,"image":{"@type":"ImageObject","@id":"https:\/\/secure.gravatar.com\/avatar\/da76ffe9456a057fb26f92cd8eb3d2effca853864e9ae2a35290bd1e10b1f7d4?s=96&d=mm&r=g","url":"https:\/\/secure.gravatar.com\/avatar\/da76ffe9456a057fb26f92cd8eb3d2effca853864e9ae2a35290bd1e10b1f7d4?s=96&d=mm&r=g","height":96,"width":96}},"publisher":{"@type":"Organization","name":"celtica.cz","logo":{"@type":"ImageObject","@id":"\/logo.png","url":"\/logo.png","width":600,"height":60}},"image":null,"wordCount":210,"keywords":null},{"@type":"Article","@id":"https:\/\/www.celtica.cz\/koberec-jako-skvela-plocha-pro-hrani\/","headline":"Koberec jako skv\u011bl\u00e1 plocha pro hran\u00ed","url":"https:\/\/www.celtica.cz\/koberec-jako-skvela-plocha-pro-hrani\/","datePublished":"2025-01-11","dateModified":"2025-01-11","mainEntityOfPage":"https:\/\/www.celtica.cz\/koberec-jako-skvela-plocha-pro-hrani\/","author":{"@type":"Person","@id":"https:\/\/www.celtica.cz\/author\/#Person","name":"","url":"https:\/\/www.celtica.cz\/author\/","identifier":1,"image":{"@type":"ImageObject","@id":"https:\/\/secure.gravatar.com\/avatar\/da76ffe9456a057fb26f92cd8eb3d2effca853864e9ae2a35290bd1e10b1f7d4?s=96&d=mm&r=g","url":"https:\/\/secure.gravatar.com\/avatar\/da76ffe9456a057fb26f92cd8eb3d2effca853864e9ae2a35290bd1e10b1f7d4?s=96&d=mm&r=g","height":96,"width":96}},"publisher":{"@type":"Organization","name":"celtica.cz","logo":{"@type":"ImageObject","@id":"\/logo.png","url":"\/logo.png","width":600,"height":60}},"image":{"@type":"ImageObject","@id":"https:\/\/www.celtica.cz\/wp-content\/uploads\/cat-4803841_640_9.jpg","url":"https:\/\/www.celtica.cz\/wp-content\/uploads\/cat-4803841_640_9.jpg","height":0,"width":0},"wordCount":556,"keywords":null}]},{"@context":"https:\/\/schema.org","@type":"WebSite","@id":"https:\/\/www.celtica.cz\/#website","name":"Celtica","url":"https:\/\/www.celtica.cz","potentialAction":{"@type":"SearchAction","target":"https:\/\/www.celtica.cz\/?s={search_term_string}","query-input":"required name=search_term_string"}}]