[{"@context":"https:\/\/schema.org\/","@type":"Blog","@id":"https:\/\/www.celtica.cz#Blog","headline":"Celtica","description":"\nAby se lidem po ekonomick\u00e9 str\u00e1nce dob\u0159e da\u0159ilo, je pot\u0159eba, aby trh dostate\u010dn\u011b kvalitn\u011b fungoval, aby na n\u011bm nev\u00e1zla ani nab\u00eddka, ani popt\u00e1vka.","url":"https:\/\/www.celtica.cz","hasPart":[{"@type":"Article","@id":"https:\/\/www.celtica.cz\/moje-krasna-zahrada\/","headline":"Moje kr\u00e1sn\u00e1 zahrada","url":"https:\/\/www.celtica.cz\/moje-krasna-zahrada\/","datePublished":"2023-05-28","dateModified":"2023-05-28","mainEntityOfPage":"https:\/\/www.celtica.cz\/moje-krasna-zahrada\/","author":{"@type":"Person","@id":"https:\/\/www.celtica.cz\/author\/#Person","name":"","url":"https:\/\/www.celtica.cz\/author\/","identifier":1,"image":{"@type":"ImageObject","@id":"https:\/\/secure.gravatar.com\/avatar\/da76ffe9456a057fb26f92cd8eb3d2effca853864e9ae2a35290bd1e10b1f7d4?s=96&d=mm&r=g","url":"https:\/\/secure.gravatar.com\/avatar\/da76ffe9456a057fb26f92cd8eb3d2effca853864e9ae2a35290bd1e10b1f7d4?s=96&d=mm&r=g","height":96,"width":96}},"publisher":{"@type":"Organization","name":"celtica.cz","logo":{"@type":"ImageObject","@id":"\/logo.png","url":"\/logo.png","width":600,"height":60}},"image":{"@type":"ImageObject","@id":"https:\/\/www.celtica.cz\/wp-content\/uploads\/child-1867463_1280_1.jpg","url":"https:\/\/www.celtica.cz\/wp-content\/uploads\/child-1867463_1280_1.jpg","height":0,"width":0},"wordCount":557,"keywords":null},{"@type":"Article","@id":"https:\/\/www.celtica.cz\/budoucnost-kratomu-je-v-evrope-ohrozena\/","headline":"Budoucnost kratomu je v Evrop\u011b ohro\u017eena","url":"https:\/\/www.celtica.cz\/budoucnost-kratomu-je-v-evrope-ohrozena\/","datePublished":"2023-05-27","dateModified":"2023-09-27","mainEntityOfPage":"https:\/\/www.celtica.cz\/budoucnost-kratomu-je-v-evrope-ohrozena\/","author":{"@type":"Person","@id":"https:\/\/www.celtica.cz\/author\/#Person","name":"","url":"https:\/\/www.celtica.cz\/author\/","identifier":1,"image":{"@type":"ImageObject","@id":"https:\/\/secure.gravatar.com\/avatar\/da76ffe9456a057fb26f92cd8eb3d2effca853864e9ae2a35290bd1e10b1f7d4?s=96&d=mm&r=g","url":"https:\/\/secure.gravatar.com\/avatar\/da76ffe9456a057fb26f92cd8eb3d2effca853864e9ae2a35290bd1e10b1f7d4?s=96&d=mm&r=g","height":96,"width":96}},"publisher":{"@type":"Organization","name":"celtica.cz","logo":{"@type":"ImageObject","@id":"\/logo.png","url":"\/logo.png","width":600,"height":60}},"image":{"@type":"ImageObject","@id":"https:\/\/www.celtica.cz\/wp-content\/uploads\/kratom_prasek_7PwbZo.jpg","url":"https:\/\/www.celtica.cz\/wp-content\/uploads\/kratom_prasek_7PwbZo.jpg","height":0,"width":0},"wordCount":486,"keywords":null},{"@type":"Article","@id":"https:\/\/www.celtica.cz\/uzijte-si-moznosti-ktere-vam-nabizime\/","headline":"U\u017eijte si mo\u017enost\u00ed, kter\u00e9 v\u00e1m nab\u00edz\u00edme","url":"https:\/\/www.celtica.cz\/uzijte-si-moznosti-ktere-vam-nabizime\/","datePublished":"2023-04-21","dateModified":"2024-04-22","mainEntityOfPage":"https:\/\/www.celtica.cz\/uzijte-si-moznosti-ktere-vam-nabizime\/","author":{"@type":"Person","@id":"https:\/\/www.celtica.cz\/author\/#Person","name":"","url":"https:\/\/www.celtica.cz\/author\/","identifier":1,"image":{"@type":"ImageObject","@id":"https:\/\/secure.gravatar.com\/avatar\/da76ffe9456a057fb26f92cd8eb3d2effca853864e9ae2a35290bd1e10b1f7d4?s=96&d=mm&r=g","url":"https:\/\/secure.gravatar.com\/avatar\/da76ffe9456a057fb26f92cd8eb3d2effca853864e9ae2a35290bd1e10b1f7d4?s=96&d=mm&r=g","height":96,"width":96}},"publisher":{"@type":"Organization","name":"celtica.cz","logo":{"@type":"ImageObject","@id":"\/logo.png","url":"\/logo.png","width":600,"height":60}},"image":null,"wordCount":465,"keywords":null},{"@type":"Article","@id":"https:\/\/www.celtica.cz\/nakupujte-doporucujte-a-posbirejte-sladke-plody-obratu-ze-zisku-prodejcu\/","headline":"Nakupujte, doporu\u010dujte a posb\u00edrejte sladk\u00e9 plody obrat\u016f ze zisk\u016f prodejc\u016f","url":"https:\/\/www.celtica.cz\/nakupujte-doporucujte-a-posbirejte-sladke-plody-obratu-ze-zisku-prodejcu\/","datePublished":"2023-03-13","dateModified":"2024-03-17","mainEntityOfPage":"https:\/\/www.celtica.cz\/nakupujte-doporucujte-a-posbirejte-sladke-plody-obratu-ze-zisku-prodejcu\/","author":{"@type":"Person","@id":"https:\/\/www.celtica.cz\/author\/#Person","name":"","url":"https:\/\/www.celtica.cz\/author\/","identifier":1,"image":{"@type":"ImageObject","@id":"https:\/\/secure.gravatar.com\/avatar\/da76ffe9456a057fb26f92cd8eb3d2effca853864e9ae2a35290bd1e10b1f7d4?s=96&d=mm&r=g","url":"https:\/\/secure.gravatar.com\/avatar\/da76ffe9456a057fb26f92cd8eb3d2effca853864e9ae2a35290bd1e10b1f7d4?s=96&d=mm&r=g","height":96,"width":96}},"publisher":{"@type":"Organization","name":"celtica.cz","logo":{"@type":"ImageObject","@id":"\/logo.png","url":"\/logo.png","width":600,"height":60}},"image":null,"wordCount":504,"keywords":null},{"@type":"Article","@id":"https:\/\/www.celtica.cz\/reklamni-predmety-s-potiskem-ci-vysivkou-take-vyzaduji-reklamu\/","headline":"Reklamn\u00ed p\u0159edm\u011bty s potiskem \u010di v\u00fd\u0161ivkou tak\u00e9 vy\u017eaduj\u00ed reklamu","url":"https:\/\/www.celtica.cz\/reklamni-predmety-s-potiskem-ci-vysivkou-take-vyzaduji-reklamu\/","datePublished":"2023-02-28","dateModified":"2023-06-14","mainEntityOfPage":"https:\/\/www.celtica.cz\/reklamni-predmety-s-potiskem-ci-vysivkou-take-vyzaduji-reklamu\/","author":{"@type":"Person","@id":"https:\/\/www.celtica.cz\/author\/#Person","name":"","url":"https:\/\/www.celtica.cz\/author\/","identifier":1,"image":{"@type":"ImageObject","@id":"https:\/\/secure.gravatar.com\/avatar\/da76ffe9456a057fb26f92cd8eb3d2effca853864e9ae2a35290bd1e10b1f7d4?s=96&d=mm&r=g","url":"https:\/\/secure.gravatar.com\/avatar\/da76ffe9456a057fb26f92cd8eb3d2effca853864e9ae2a35290bd1e10b1f7d4?s=96&d=mm&r=g","height":96,"width":96}},"publisher":{"@type":"Organization","name":"celtica.cz","logo":{"@type":"ImageObject","@id":"\/logo.png","url":"\/logo.png","width":600,"height":60}},"image":{"@type":"ImageObject","@id":"https:\/\/www.celtica.cz\/wp-content\/uploads\/structure-g984b0f744_640.jpg","url":"https:\/\/www.celtica.cz\/wp-content\/uploads\/structure-g984b0f744_640.jpg","height":0,"width":0},"wordCount":631,"keywords":null},{"@type":"Article","@id":"https:\/\/www.celtica.cz\/kdy-povolat-na-vypomoc-profesionalni-zemni-prace\/","headline":"Kdy povolat na v\u00fdpomoc profesion\u00e1ln\u00ed zemn\u00ed pr\u00e1ce","url":"https:\/\/www.celtica.cz\/kdy-povolat-na-vypomoc-profesionalni-zemni-prace\/","datePublished":"2023-02-14","dateModified":"2023-02-14","mainEntityOfPage":"https:\/\/www.celtica.cz\/kdy-povolat-na-vypomoc-profesionalni-zemni-prace\/","author":{"@type":"Person","@id":"https:\/\/www.celtica.cz\/author\/#Person","name":"","url":"https:\/\/www.celtica.cz\/author\/","identifier":1,"image":{"@type":"ImageObject","@id":"https:\/\/secure.gravatar.com\/avatar\/da76ffe9456a057fb26f92cd8eb3d2effca853864e9ae2a35290bd1e10b1f7d4?s=96&d=mm&r=g","url":"https:\/\/secure.gravatar.com\/avatar\/da76ffe9456a057fb26f92cd8eb3d2effca853864e9ae2a35290bd1e10b1f7d4?s=96&d=mm&r=g","height":96,"width":96}},"publisher":{"@type":"Organization","name":"celtica.cz","logo":{"@type":"ImageObject","@id":"\/logo.png","url":"\/logo.png","width":600,"height":60}},"image":{"@type":"ImageObject","@id":"https:\/\/www.celtica.cz\/wp-content\/uploads\/miniature-figures-gf528049c4_640.jpg","url":"https:\/\/www.celtica.cz\/wp-content\/uploads\/miniature-figures-gf528049c4_640.jpg","height":0,"width":0},"wordCount":530,"keywords":null},{"@type":"Article","@id":"https:\/\/www.celtica.cz\/co-si-pocit-kdyz-nam-byvaly-majitel-domu-v-nem-zanechal-neporadek\/","headline":"Co si po\u010d\u00edt, kdy\u017e n\u00e1m b\u00fdval\u00fd majitel domu v n\u011bm zanechal nepo\u0159\u00e1dek","url":"https:\/\/www.celtica.cz\/co-si-pocit-kdyz-nam-byvaly-majitel-domu-v-nem-zanechal-neporadek\/","datePublished":"2023-01-10","dateModified":"2023-06-14","mainEntityOfPage":"https:\/\/www.celtica.cz\/co-si-pocit-kdyz-nam-byvaly-majitel-domu-v-nem-zanechal-neporadek\/","author":{"@type":"Person","@id":"https:\/\/www.celtica.cz\/author\/#Person","name":"","url":"https:\/\/www.celtica.cz\/author\/","identifier":1,"image":{"@type":"ImageObject","@id":"https:\/\/secure.gravatar.com\/avatar\/da76ffe9456a057fb26f92cd8eb3d2effca853864e9ae2a35290bd1e10b1f7d4?s=96&d=mm&r=g","url":"https:\/\/secure.gravatar.com\/avatar\/da76ffe9456a057fb26f92cd8eb3d2effca853864e9ae2a35290bd1e10b1f7d4?s=96&d=mm&r=g","height":96,"width":96}},"publisher":{"@type":"Organization","name":"celtica.cz","logo":{"@type":"ImageObject","@id":"\/logo.png","url":"\/logo.png","width":600,"height":60}},"image":{"@type":"ImageObject","@id":"https:\/\/www.celtica.cz\/wp-content\/uploads\/house-1353389_640_5.jpg","url":"https:\/\/www.celtica.cz\/wp-content\/uploads\/house-1353389_640_5.jpg","height":0,"width":0},"wordCount":576,"keywords":null},{"@type":"Article","@id":"https:\/\/www.celtica.cz\/levna-hypoteka\/","headline":"Levn\u00e1 hypot\u00e9ka","url":"https:\/\/www.celtica.cz\/levna-hypoteka\/","datePublished":"2022-12-31","dateModified":"2023-06-14","mainEntityOfPage":"https:\/\/www.celtica.cz\/levna-hypoteka\/","author":{"@type":"Person","@id":"https:\/\/www.celtica.cz\/author\/#Person","name":"","url":"https:\/\/www.celtica.cz\/author\/","identifier":1,"image":{"@type":"ImageObject","@id":"https:\/\/secure.gravatar.com\/avatar\/da76ffe9456a057fb26f92cd8eb3d2effca853864e9ae2a35290bd1e10b1f7d4?s=96&d=mm&r=g","url":"https:\/\/secure.gravatar.com\/avatar\/da76ffe9456a057fb26f92cd8eb3d2effca853864e9ae2a35290bd1e10b1f7d4?s=96&d=mm&r=g","height":96,"width":96}},"publisher":{"@type":"Organization","name":"celtica.cz","logo":{"@type":"ImageObject","@id":"\/logo.png","url":"\/logo.png","width":600,"height":60}},"image":{"@type":"ImageObject","@id":"https:\/\/www.celtica.cz\/wp-content\/uploads\/money-1428594_960_720_4.jpg","url":"https:\/\/www.celtica.cz\/wp-content\/uploads\/money-1428594_960_720_4.jpg","height":0,"width":0},"wordCount":587,"keywords":null},{"@type":"Article","@id":"https:\/\/www.celtica.cz\/rekonstrukce-domu-probehne-hladce\/","headline":"Rekonstrukce domu prob\u011bhne hladce","url":"https:\/\/www.celtica.cz\/rekonstrukce-domu-probehne-hladce\/","datePublished":"2022-12-26","dateModified":"2023-06-14","mainEntityOfPage":"https:\/\/www.celtica.cz\/rekonstrukce-domu-probehne-hladce\/","author":{"@type":"Person","@id":"https:\/\/www.celtica.cz\/author\/#Person","name":"","url":"https:\/\/www.celtica.cz\/author\/","identifier":1,"image":{"@type":"ImageObject","@id":"https:\/\/secure.gravatar.com\/avatar\/da76ffe9456a057fb26f92cd8eb3d2effca853864e9ae2a35290bd1e10b1f7d4?s=96&d=mm&r=g","url":"https:\/\/secure.gravatar.com\/avatar\/da76ffe9456a057fb26f92cd8eb3d2effca853864e9ae2a35290bd1e10b1f7d4?s=96&d=mm&r=g","height":96,"width":96}},"publisher":{"@type":"Organization","name":"celtica.cz","logo":{"@type":"ImageObject","@id":"\/logo.png","url":"\/logo.png","width":600,"height":60}},"image":{"@type":"ImageObject","@id":"https:\/\/www.celtica.cz\/wp-content\/uploads\/cargo-ge05aa567d_640.jpg","url":"https:\/\/www.celtica.cz\/wp-content\/uploads\/cargo-ge05aa567d_640.jpg","height":0,"width":0},"wordCount":584,"keywords":null},{"@type":"Article","@id":"https:\/\/www.celtica.cz\/nejdokonalejsi-kava\/","headline":"Nejdokonalej\u0161\u00ed k\u00e1va","url":"https:\/\/www.celtica.cz\/nejdokonalejsi-kava\/","datePublished":"2022-12-24","dateModified":"2023-06-14","mainEntityOfPage":"https:\/\/www.celtica.cz\/nejdokonalejsi-kava\/","author":{"@type":"Person","@id":"https:\/\/www.celtica.cz\/author\/#Person","name":"","url":"https:\/\/www.celtica.cz\/author\/","identifier":1,"image":{"@type":"ImageObject","@id":"https:\/\/secure.gravatar.com\/avatar\/da76ffe9456a057fb26f92cd8eb3d2effca853864e9ae2a35290bd1e10b1f7d4?s=96&d=mm&r=g","url":"https:\/\/secure.gravatar.com\/avatar\/da76ffe9456a057fb26f92cd8eb3d2effca853864e9ae2a35290bd1e10b1f7d4?s=96&d=mm&r=g","height":96,"width":96}},"publisher":{"@type":"Organization","name":"celtica.cz","logo":{"@type":"ImageObject","@id":"\/logo.png","url":"\/logo.png","width":600,"height":60}},"image":{"@type":"ImageObject","@id":"https:\/\/www.celtica.cz\/wp-content\/uploads\/coffee-gd1d309875_640.jpg","url":"https:\/\/www.celtica.cz\/wp-content\/uploads\/coffee-gd1d309875_640.jpg","height":0,"width":0},"wordCount":606,"keywords":null}]},{"@context":"https:\/\/schema.org","@type":"WebSite","@id":"https:\/\/www.celtica.cz\/#website","name":"Celtica","url":"https:\/\/www.celtica.cz","potentialAction":{"@type":"SearchAction","target":"https:\/\/www.celtica.cz\/?s={search_term_string}","query-input":"required name=search_term_string"}}]