{"@context":"https:\/\/schema.org\/","@type":"CollectionPage","@id":"https:\/\/www.celtica.cz\/podnikani\/#CollectionPage","headline":"Podnik\u00e1n\u00ed Category","description":"","url":"https:\/\/www.celtica.cz\/podnikani\/","hasPart":[{"@type":"Article","@id":"https:\/\/www.celtica.cz\/psani-referatu-na-miru\/","headline":"Psan\u00ed refer\u00e1t\u016f na m\u00edru","url":"https:\/\/www.celtica.cz\/psani-referatu-na-miru\/","datePublished":"2025-03-04","dateModified":"2025-03-04","mainEntityOfPage":"https:\/\/www.celtica.cz\/psani-referatu-na-miru\/","author":{"@type":"Person","@id":"https:\/\/www.celtica.cz\/author\/#Person","name":"","url":"https:\/\/www.celtica.cz\/author\/","identifier":1,"image":{"@type":"ImageObject","@id":"https:\/\/secure.gravatar.com\/avatar\/da76ffe9456a057fb26f92cd8eb3d2effca853864e9ae2a35290bd1e10b1f7d4?s=96&d=mm&r=g","url":"https:\/\/secure.gravatar.com\/avatar\/da76ffe9456a057fb26f92cd8eb3d2effca853864e9ae2a35290bd1e10b1f7d4?s=96&d=mm&r=g","height":96,"width":96}},"publisher":{"@type":"Organization","name":"celtica.cz","logo":{"@type":"ImageObject","@id":"\/logo.png","url":"\/logo.png","width":600,"height":60}},"image":{"@type":"ImageObject","@id":"https:\/\/www.celtica.cz\/wp-content\/uploads\/diplomova_prace_Yoxbvi.jpg","url":"https:\/\/www.celtica.cz\/wp-content\/uploads\/diplomova_prace_Yoxbvi.jpg","height":0,"width":0},"keywords":null},{"@type":"Article","@id":"https:\/\/www.celtica.cz\/koberec-jako-skvela-plocha-pro-hrani\/","headline":"Koberec jako skv\u011bl\u00e1 plocha pro hran\u00ed","url":"https:\/\/www.celtica.cz\/koberec-jako-skvela-plocha-pro-hrani\/","datePublished":"2025-01-11","dateModified":"2025-01-11","mainEntityOfPage":"https:\/\/www.celtica.cz\/koberec-jako-skvela-plocha-pro-hrani\/","author":{"@type":"Person","@id":"https:\/\/www.celtica.cz\/author\/#Person","name":"","url":"https:\/\/www.celtica.cz\/author\/","identifier":1,"image":{"@type":"ImageObject","@id":"https:\/\/secure.gravatar.com\/avatar\/da76ffe9456a057fb26f92cd8eb3d2effca853864e9ae2a35290bd1e10b1f7d4?s=96&d=mm&r=g","url":"https:\/\/secure.gravatar.com\/avatar\/da76ffe9456a057fb26f92cd8eb3d2effca853864e9ae2a35290bd1e10b1f7d4?s=96&d=mm&r=g","height":96,"width":96}},"publisher":{"@type":"Organization","name":"celtica.cz","logo":{"@type":"ImageObject","@id":"\/logo.png","url":"\/logo.png","width":600,"height":60}},"image":{"@type":"ImageObject","@id":"https:\/\/www.celtica.cz\/wp-content\/uploads\/cat-4803841_640_9.jpg","url":"https:\/\/www.celtica.cz\/wp-content\/uploads\/cat-4803841_640_9.jpg","height":0,"width":0},"keywords":null},{"@type":"Article","@id":"https:\/\/www.celtica.cz\/mame-sidlo-firmy-v-brne\/","headline":"M\u00e1me s\u00eddlo firmy v Brn\u011b","url":"https:\/\/www.celtica.cz\/mame-sidlo-firmy-v-brne\/","datePublished":"2024-12-15","dateModified":"2024-12-15","mainEntityOfPage":"https:\/\/www.celtica.cz\/mame-sidlo-firmy-v-brne\/","author":{"@type":"Person","@id":"https:\/\/www.celtica.cz\/author\/#Person","name":"","url":"https:\/\/www.celtica.cz\/author\/","identifier":1,"image":{"@type":"ImageObject","@id":"https:\/\/secure.gravatar.com\/avatar\/da76ffe9456a057fb26f92cd8eb3d2effca853864e9ae2a35290bd1e10b1f7d4?s=96&d=mm&r=g","url":"https:\/\/secure.gravatar.com\/avatar\/da76ffe9456a057fb26f92cd8eb3d2effca853864e9ae2a35290bd1e10b1f7d4?s=96&d=mm&r=g","height":96,"width":96}},"publisher":{"@type":"Organization","name":"celtica.cz","logo":{"@type":"ImageObject","@id":"\/logo.png","url":"\/logo.png","width":600,"height":60}},"image":{"@type":"ImageObject","@id":"https:\/\/www.celtica.cz\/wp-content\/uploads\/castle-7487913_640.jpg","url":"https:\/\/www.celtica.cz\/wp-content\/uploads\/castle-7487913_640.jpg","height":0,"width":0},"keywords":null},{"@type":"Article","@id":"https:\/\/www.celtica.cz\/reklamni-predmety-s-potiskem-ci-vysivkou-take-vyzaduji-reklamu\/","headline":"Reklamn\u00ed p\u0159edm\u011bty s potiskem \u010di v\u00fd\u0161ivkou tak\u00e9 vy\u017eaduj\u00ed reklamu","url":"https:\/\/www.celtica.cz\/reklamni-predmety-s-potiskem-ci-vysivkou-take-vyzaduji-reklamu\/","datePublished":"2023-02-28","dateModified":"2023-06-14","mainEntityOfPage":"https:\/\/www.celtica.cz\/reklamni-predmety-s-potiskem-ci-vysivkou-take-vyzaduji-reklamu\/","author":{"@type":"Person","@id":"https:\/\/www.celtica.cz\/author\/#Person","name":"","url":"https:\/\/www.celtica.cz\/author\/","identifier":1,"image":{"@type":"ImageObject","@id":"https:\/\/secure.gravatar.com\/avatar\/da76ffe9456a057fb26f92cd8eb3d2effca853864e9ae2a35290bd1e10b1f7d4?s=96&d=mm&r=g","url":"https:\/\/secure.gravatar.com\/avatar\/da76ffe9456a057fb26f92cd8eb3d2effca853864e9ae2a35290bd1e10b1f7d4?s=96&d=mm&r=g","height":96,"width":96}},"publisher":{"@type":"Organization","name":"celtica.cz","logo":{"@type":"ImageObject","@id":"\/logo.png","url":"\/logo.png","width":600,"height":60}},"image":{"@type":"ImageObject","@id":"https:\/\/www.celtica.cz\/wp-content\/uploads\/structure-g984b0f744_640.jpg","url":"https:\/\/www.celtica.cz\/wp-content\/uploads\/structure-g984b0f744_640.jpg","height":0,"width":0},"keywords":null},{"@type":"Article","@id":"https:\/\/www.celtica.cz\/co-si-pocit-kdyz-nam-byvaly-majitel-domu-v-nem-zanechal-neporadek\/","headline":"Co si po\u010d\u00edt, kdy\u017e n\u00e1m b\u00fdval\u00fd majitel domu v n\u011bm zanechal nepo\u0159\u00e1dek","url":"https:\/\/www.celtica.cz\/co-si-pocit-kdyz-nam-byvaly-majitel-domu-v-nem-zanechal-neporadek\/","datePublished":"2023-01-10","dateModified":"2023-06-14","mainEntityOfPage":"https:\/\/www.celtica.cz\/co-si-pocit-kdyz-nam-byvaly-majitel-domu-v-nem-zanechal-neporadek\/","author":{"@type":"Person","@id":"https:\/\/www.celtica.cz\/author\/#Person","name":"","url":"https:\/\/www.celtica.cz\/author\/","identifier":1,"image":{"@type":"ImageObject","@id":"https:\/\/secure.gravatar.com\/avatar\/da76ffe9456a057fb26f92cd8eb3d2effca853864e9ae2a35290bd1e10b1f7d4?s=96&d=mm&r=g","url":"https:\/\/secure.gravatar.com\/avatar\/da76ffe9456a057fb26f92cd8eb3d2effca853864e9ae2a35290bd1e10b1f7d4?s=96&d=mm&r=g","height":96,"width":96}},"publisher":{"@type":"Organization","name":"celtica.cz","logo":{"@type":"ImageObject","@id":"\/logo.png","url":"\/logo.png","width":600,"height":60}},"image":{"@type":"ImageObject","@id":"https:\/\/www.celtica.cz\/wp-content\/uploads\/house-1353389_640_5.jpg","url":"https:\/\/www.celtica.cz\/wp-content\/uploads\/house-1353389_640_5.jpg","height":0,"width":0},"keywords":null},{"@type":"Article","@id":"https:\/\/www.celtica.cz\/rekonstrukce-domu-probehne-hladce\/","headline":"Rekonstrukce domu prob\u011bhne hladce","url":"https:\/\/www.celtica.cz\/rekonstrukce-domu-probehne-hladce\/","datePublished":"2022-12-26","dateModified":"2023-06-14","mainEntityOfPage":"https:\/\/www.celtica.cz\/rekonstrukce-domu-probehne-hladce\/","author":{"@type":"Person","@id":"https:\/\/www.celtica.cz\/author\/#Person","name":"","url":"https:\/\/www.celtica.cz\/author\/","identifier":1,"image":{"@type":"ImageObject","@id":"https:\/\/secure.gravatar.com\/avatar\/da76ffe9456a057fb26f92cd8eb3d2effca853864e9ae2a35290bd1e10b1f7d4?s=96&d=mm&r=g","url":"https:\/\/secure.gravatar.com\/avatar\/da76ffe9456a057fb26f92cd8eb3d2effca853864e9ae2a35290bd1e10b1f7d4?s=96&d=mm&r=g","height":96,"width":96}},"publisher":{"@type":"Organization","name":"celtica.cz","logo":{"@type":"ImageObject","@id":"\/logo.png","url":"\/logo.png","width":600,"height":60}},"image":{"@type":"ImageObject","@id":"https:\/\/www.celtica.cz\/wp-content\/uploads\/cargo-ge05aa567d_640.jpg","url":"https:\/\/www.celtica.cz\/wp-content\/uploads\/cargo-ge05aa567d_640.jpg","height":0,"width":0},"keywords":null},{"@type":"Article","@id":"https:\/\/www.celtica.cz\/vsichni-miluji-slevy\/","headline":"V\u0161ichni miluj\u00ed slevy","url":"https:\/\/www.celtica.cz\/vsichni-miluji-slevy\/","datePublished":"2022-12-12","dateModified":"2023-06-14","mainEntityOfPage":"https:\/\/www.celtica.cz\/vsichni-miluji-slevy\/","author":{"@type":"Person","@id":"https:\/\/www.celtica.cz\/author\/#Person","name":"","url":"https:\/\/www.celtica.cz\/author\/","identifier":1,"image":{"@type":"ImageObject","@id":"https:\/\/secure.gravatar.com\/avatar\/da76ffe9456a057fb26f92cd8eb3d2effca853864e9ae2a35290bd1e10b1f7d4?s=96&d=mm&r=g","url":"https:\/\/secure.gravatar.com\/avatar\/da76ffe9456a057fb26f92cd8eb3d2effca853864e9ae2a35290bd1e10b1f7d4?s=96&d=mm&r=g","height":96,"width":96}},"publisher":{"@type":"Organization","name":"celtica.cz","logo":{"@type":"ImageObject","@id":"\/logo.png","url":"\/logo.png","width":600,"height":60}},"image":{"@type":"ImageObject","@id":"https:\/\/www.celtica.cz\/wp-content\/uploads\/sales-g3674ff6e4_640.png","url":"https:\/\/www.celtica.cz\/wp-content\/uploads\/sales-g3674ff6e4_640.png","height":0,"width":0},"keywords":null},{"@type":"Article","@id":"https:\/\/www.celtica.cz\/zahradni-party-pod-plachtou\/","headline":"Zahradn\u00ed p\u00e1rty pod plachtou","url":"https:\/\/www.celtica.cz\/zahradni-party-pod-plachtou\/","datePublished":"2022-12-12","dateModified":"2023-06-14","mainEntityOfPage":"https:\/\/www.celtica.cz\/zahradni-party-pod-plachtou\/","author":{"@type":"Person","@id":"https:\/\/www.celtica.cz\/author\/#Person","name":"","url":"https:\/\/www.celtica.cz\/author\/","identifier":1,"image":{"@type":"ImageObject","@id":"https:\/\/secure.gravatar.com\/avatar\/da76ffe9456a057fb26f92cd8eb3d2effca853864e9ae2a35290bd1e10b1f7d4?s=96&d=mm&r=g","url":"https:\/\/secure.gravatar.com\/avatar\/da76ffe9456a057fb26f92cd8eb3d2effca853864e9ae2a35290bd1e10b1f7d4?s=96&d=mm&r=g","height":96,"width":96}},"publisher":{"@type":"Organization","name":"celtica.cz","logo":{"@type":"ImageObject","@id":"\/logo.png","url":"\/logo.png","width":600,"height":60}},"image":{"@type":"ImageObject","@id":"https:\/\/www.celtica.cz\/wp-content\/uploads\/partyopen.jpg","url":"https:\/\/www.celtica.cz\/wp-content\/uploads\/partyopen.jpg","height":0,"width":0},"keywords":null},{"@type":"Article","@id":"https:\/\/www.celtica.cz\/nekterym-lidem-se-vyplati-pronajimat-si-vozidla-z-autopujcoven-pravidelne\/","headline":"N\u011bkter\u00fdm lidem se vyplat\u00ed pronaj\u00edmat si vozidla z autop\u016fj\u010doven pravideln\u011b","url":"https:\/\/www.celtica.cz\/nekterym-lidem-se-vyplati-pronajimat-si-vozidla-z-autopujcoven-pravidelne\/","datePublished":"2022-12-11","dateModified":"2023-06-14","mainEntityOfPage":"https:\/\/www.celtica.cz\/nekterym-lidem-se-vyplati-pronajimat-si-vozidla-z-autopujcoven-pravidelne\/","author":{"@type":"Person","@id":"https:\/\/www.celtica.cz\/author\/#Person","name":"","url":"https:\/\/www.celtica.cz\/author\/","identifier":1,"image":{"@type":"ImageObject","@id":"https:\/\/secure.gravatar.com\/avatar\/da76ffe9456a057fb26f92cd8eb3d2effca853864e9ae2a35290bd1e10b1f7d4?s=96&d=mm&r=g","url":"https:\/\/secure.gravatar.com\/avatar\/da76ffe9456a057fb26f92cd8eb3d2effca853864e9ae2a35290bd1e10b1f7d4?s=96&d=mm&r=g","height":96,"width":96}},"publisher":{"@type":"Organization","name":"celtica.cz","logo":{"@type":"ImageObject","@id":"\/logo.png","url":"\/logo.png","width":600,"height":60}},"image":{"@type":"ImageObject","@id":"https:\/\/www.celtica.cz\/wp-content\/uploads\/car-g0df6948db_640.jpg","url":"https:\/\/www.celtica.cz\/wp-content\/uploads\/car-g0df6948db_640.jpg","height":0,"width":0},"keywords":null},{"@type":"Article","@id":"https:\/\/www.celtica.cz\/revize-elektrickych-spotrebicu-chrani-vasi-rodinu-pred-urazem-a-pozarem\/","headline":"Revize elektrick\u00fdch spot\u0159ebi\u010d\u016f chr\u00e1n\u00ed va\u0161i rodinu p\u0159ed \u00farazem a po\u017e\u00e1rem","url":"https:\/\/www.celtica.cz\/revize-elektrickych-spotrebicu-chrani-vasi-rodinu-pred-urazem-a-pozarem\/","datePublished":"2022-11-20","dateModified":"2023-06-14","mainEntityOfPage":"https:\/\/www.celtica.cz\/revize-elektrickych-spotrebicu-chrani-vasi-rodinu-pred-urazem-a-pozarem\/","author":{"@type":"Person","@id":"https:\/\/www.celtica.cz\/author\/#Person","name":"","url":"https:\/\/www.celtica.cz\/author\/","identifier":1,"image":{"@type":"ImageObject","@id":"https:\/\/secure.gravatar.com\/avatar\/da76ffe9456a057fb26f92cd8eb3d2effca853864e9ae2a35290bd1e10b1f7d4?s=96&d=mm&r=g","url":"https:\/\/secure.gravatar.com\/avatar\/da76ffe9456a057fb26f92cd8eb3d2effca853864e9ae2a35290bd1e10b1f7d4?s=96&d=mm&r=g","height":96,"width":96}},"publisher":{"@type":"Organization","name":"celtica.cz","logo":{"@type":"ImageObject","@id":"\/logo.png","url":"\/logo.png","width":600,"height":60}},"image":{"@type":"ImageObject","@id":"https:\/\/www.celtica.cz\/wp-content\/uploads\/electrician-g81d610c21_640.jpg","url":"https:\/\/www.celtica.cz\/wp-content\/uploads\/electrician-g81d610c21_640.jpg","height":0,"width":0},"keywords":null}]}