{"@context":"https:\/\/schema.org\/","@type":"CollectionPage","@id":"https:\/\/www.celtica.cz\/podnikani\/#CollectionPage","headline":"Podnik\u00e1n\u00ed Category","description":"","url":"https:\/\/www.celtica.cz\/podnikani\/","hasPart":[{"@type":"Article","@id":"https:\/\/www.celtica.cz\/ti-nejlepsi-se-postaraji-o-vas-pocitac-verte-odbornikum\/","headline":"Ti nejlep\u0161\u00ed se postaraj\u00ed o V\u00e1\u0161 po\u010d\u00edta\u010d! V\u011b\u0159te odborn\u00edk\u016fm!","url":"https:\/\/www.celtica.cz\/ti-nejlepsi-se-postaraji-o-vas-pocitac-verte-odbornikum\/","datePublished":"2022-11-20","dateModified":"2023-06-14","mainEntityOfPage":"https:\/\/www.celtica.cz\/ti-nejlepsi-se-postaraji-o-vas-pocitac-verte-odbornikum\/","author":{"@type":"Person","@id":"https:\/\/www.celtica.cz\/author\/#Person","name":"","url":"https:\/\/www.celtica.cz\/author\/","identifier":1,"image":{"@type":"ImageObject","@id":"https:\/\/secure.gravatar.com\/avatar\/da76ffe9456a057fb26f92cd8eb3d2effca853864e9ae2a35290bd1e10b1f7d4?s=96&d=mm&r=g","url":"https:\/\/secure.gravatar.com\/avatar\/da76ffe9456a057fb26f92cd8eb3d2effca853864e9ae2a35290bd1e10b1f7d4?s=96&d=mm&r=g","height":96,"width":96}},"publisher":{"@type":"Organization","name":"celtica.cz","logo":{"@type":"ImageObject","@id":"\/logo.png","url":"\/logo.png","width":600,"height":60}},"image":{"@type":"ImageObject","@id":"https:\/\/www.celtica.cz\/wp-content\/uploads\/pexels-yan-krukov-7693697.jpg","url":"https:\/\/www.celtica.cz\/wp-content\/uploads\/pexels-yan-krukov-7693697.jpg","height":0,"width":0},"keywords":null},{"@type":"Article","@id":"https:\/\/www.celtica.cz\/kde-a-jak-si-nechat-vytvorit-sve-vlastni-logo\/","headline":"Kde a jak si nechat vytvo\u0159it sv\u00e9 vlastn\u00ed logo?","url":"https:\/\/www.celtica.cz\/kde-a-jak-si-nechat-vytvorit-sve-vlastni-logo\/","datePublished":"2022-09-15","dateModified":"2023-06-14","mainEntityOfPage":"https:\/\/www.celtica.cz\/kde-a-jak-si-nechat-vytvorit-sve-vlastni-logo\/","author":{"@type":"Person","@id":"https:\/\/www.celtica.cz\/author\/#Person","name":"","url":"https:\/\/www.celtica.cz\/author\/","identifier":1,"image":{"@type":"ImageObject","@id":"https:\/\/secure.gravatar.com\/avatar\/da76ffe9456a057fb26f92cd8eb3d2effca853864e9ae2a35290bd1e10b1f7d4?s=96&d=mm&r=g","url":"https:\/\/secure.gravatar.com\/avatar\/da76ffe9456a057fb26f92cd8eb3d2effca853864e9ae2a35290bd1e10b1f7d4?s=96&d=mm&r=g","height":96,"width":96}},"publisher":{"@type":"Organization","name":"celtica.cz","logo":{"@type":"ImageObject","@id":"\/logo.png","url":"\/logo.png","width":600,"height":60}},"image":{"@type":"ImageObject","@id":"https:\/\/www.celtica.cz\/wp-content\/uploads\/business-1989130_960_720.jpg","url":"https:\/\/www.celtica.cz\/wp-content\/uploads\/business-1989130_960_720.jpg","height":0,"width":0},"keywords":null},{"@type":"Article","@id":"https:\/\/www.celtica.cz\/koberec-jako-bajecne-misto-pro-hrani\/","headline":"Koberec jako b\u00e1je\u010dn\u00e9 m\u00edsto pro hran\u00ed","url":"https:\/\/www.celtica.cz\/koberec-jako-bajecne-misto-pro-hrani\/","datePublished":"2022-09-07","dateModified":"2023-06-14","mainEntityOfPage":"https:\/\/www.celtica.cz\/koberec-jako-bajecne-misto-pro-hrani\/","author":{"@type":"Person","@id":"https:\/\/www.celtica.cz\/author\/#Person","name":"","url":"https:\/\/www.celtica.cz\/author\/","identifier":1,"image":{"@type":"ImageObject","@id":"https:\/\/secure.gravatar.com\/avatar\/da76ffe9456a057fb26f92cd8eb3d2effca853864e9ae2a35290bd1e10b1f7d4?s=96&d=mm&r=g","url":"https:\/\/secure.gravatar.com\/avatar\/da76ffe9456a057fb26f92cd8eb3d2effca853864e9ae2a35290bd1e10b1f7d4?s=96&d=mm&r=g","height":96,"width":96}},"publisher":{"@type":"Organization","name":"celtica.cz","logo":{"@type":"ImageObject","@id":"\/logo.png","url":"\/logo.png","width":600,"height":60}},"image":{"@type":"ImageObject","@id":"https:\/\/www.celtica.cz\/wp-content\/uploads\/pexels-ketut-subiyanto-4473569.jpg","url":"https:\/\/www.celtica.cz\/wp-content\/uploads\/pexels-ketut-subiyanto-4473569.jpg","height":0,"width":0},"keywords":null},{"@type":"Article","@id":"https:\/\/www.celtica.cz\/kvalitni-a-specializovany-zubar\/","headline":"Kvalitn\u00ed a specializovan\u00fd zuba\u0159","url":"https:\/\/www.celtica.cz\/kvalitni-a-specializovany-zubar\/","datePublished":"2022-09-06","dateModified":"2023-06-14","mainEntityOfPage":"https:\/\/www.celtica.cz\/kvalitni-a-specializovany-zubar\/","author":{"@type":"Person","@id":"https:\/\/www.celtica.cz\/author\/#Person","name":"","url":"https:\/\/www.celtica.cz\/author\/","identifier":1,"image":{"@type":"ImageObject","@id":"https:\/\/secure.gravatar.com\/avatar\/da76ffe9456a057fb26f92cd8eb3d2effca853864e9ae2a35290bd1e10b1f7d4?s=96&d=mm&r=g","url":"https:\/\/secure.gravatar.com\/avatar\/da76ffe9456a057fb26f92cd8eb3d2effca853864e9ae2a35290bd1e10b1f7d4?s=96&d=mm&r=g","height":96,"width":96}},"publisher":{"@type":"Organization","name":"celtica.cz","logo":{"@type":"ImageObject","@id":"\/logo.png","url":"\/logo.png","width":600,"height":60}},"image":{"@type":"ImageObject","@id":"https:\/\/www.celtica.cz\/wp-content\/uploads\/globus-g181dc2e5d_1920.jpg","url":"https:\/\/www.celtica.cz\/wp-content\/uploads\/globus-g181dc2e5d_1920.jpg","height":0,"width":0},"keywords":null},{"@type":"Article","@id":"https:\/\/www.celtica.cz\/pozor-na-vodu\/","headline":"Pozor na vodu","url":"https:\/\/www.celtica.cz\/pozor-na-vodu\/","datePublished":"2022-08-21","dateModified":"2023-06-14","mainEntityOfPage":"https:\/\/www.celtica.cz\/pozor-na-vodu\/","author":{"@type":"Person","@id":"https:\/\/www.celtica.cz\/author\/#Person","name":"","url":"https:\/\/www.celtica.cz\/author\/","identifier":1,"image":{"@type":"ImageObject","@id":"https:\/\/secure.gravatar.com\/avatar\/da76ffe9456a057fb26f92cd8eb3d2effca853864e9ae2a35290bd1e10b1f7d4?s=96&d=mm&r=g","url":"https:\/\/secure.gravatar.com\/avatar\/da76ffe9456a057fb26f92cd8eb3d2effca853864e9ae2a35290bd1e10b1f7d4?s=96&d=mm&r=g","height":96,"width":96}},"publisher":{"@type":"Organization","name":"celtica.cz","logo":{"@type":"ImageObject","@id":"\/logo.png","url":"\/logo.png","width":600,"height":60}},"image":{"@type":"ImageObject","@id":"https:\/\/www.celtica.cz\/wp-content\/uploads\/hands-5086503_960_720.jpg","url":"https:\/\/www.celtica.cz\/wp-content\/uploads\/hands-5086503_960_720.jpg","height":0,"width":0},"keywords":null},{"@type":"Article","@id":"https:\/\/www.celtica.cz\/mate-dokonale-disky\/","headline":"M\u00e1te dokonal\u00e9 disky?","url":"https:\/\/www.celtica.cz\/mate-dokonale-disky\/","datePublished":"2022-08-20","dateModified":"2023-06-14","mainEntityOfPage":"https:\/\/www.celtica.cz\/mate-dokonale-disky\/","author":{"@type":"Person","@id":"https:\/\/www.celtica.cz\/author\/#Person","name":"","url":"https:\/\/www.celtica.cz\/author\/","identifier":1,"image":{"@type":"ImageObject","@id":"https:\/\/secure.gravatar.com\/avatar\/da76ffe9456a057fb26f92cd8eb3d2effca853864e9ae2a35290bd1e10b1f7d4?s=96&d=mm&r=g","url":"https:\/\/secure.gravatar.com\/avatar\/da76ffe9456a057fb26f92cd8eb3d2effca853864e9ae2a35290bd1e10b1f7d4?s=96&d=mm&r=g","height":96,"width":96}},"publisher":{"@type":"Organization","name":"celtica.cz","logo":{"@type":"ImageObject","@id":"\/logo.png","url":"\/logo.png","width":600,"height":60}},"image":{"@type":"ImageObject","@id":"https:\/\/www.celtica.cz\/wp-content\/uploads\/auta%20s%20disky.jpg","url":"https:\/\/www.celtica.cz\/wp-content\/uploads\/auta%20s%20disky.jpg","height":0,"width":0},"keywords":null},{"@type":"Article","@id":"https:\/\/www.celtica.cz\/kde-sehnat-dobrou-hudbu-k-poslechu\/","headline":"Kde sehnat dobrou hudbu k poslechu?","url":"https:\/\/www.celtica.cz\/kde-sehnat-dobrou-hudbu-k-poslechu\/","datePublished":"2022-08-20","dateModified":"2023-09-27","mainEntityOfPage":"https:\/\/www.celtica.cz\/kde-sehnat-dobrou-hudbu-k-poslechu\/","author":{"@type":"Person","@id":"https:\/\/www.celtica.cz\/author\/#Person","name":"","url":"https:\/\/www.celtica.cz\/author\/","identifier":1,"image":{"@type":"ImageObject","@id":"https:\/\/secure.gravatar.com\/avatar\/da76ffe9456a057fb26f92cd8eb3d2effca853864e9ae2a35290bd1e10b1f7d4?s=96&d=mm&r=g","url":"https:\/\/secure.gravatar.com\/avatar\/da76ffe9456a057fb26f92cd8eb3d2effca853864e9ae2a35290bd1e10b1f7d4?s=96&d=mm&r=g","height":96,"width":96}},"publisher":{"@type":"Organization","name":"celtica.cz","logo":{"@type":"ImageObject","@id":"\/logo.png","url":"\/logo.png","width":600,"height":60}},"image":{"@type":"ImageObject","@id":"https:\/\/www.celtica.cz\/wp-content\/uploads\/pexels-marcelo-chagas-1876279.jpg","url":"https:\/\/www.celtica.cz\/wp-content\/uploads\/pexels-marcelo-chagas-1876279.jpg","height":0,"width":0},"keywords":null},{"@type":"Article","@id":"https:\/\/www.celtica.cz\/proc-si-nechat-vest-ucetnictvi-od-firmy\/","headline":"Pro\u010d si nechat v\u00e9st \u00fa\u010detnictv\u00ed od firmy?","url":"https:\/\/www.celtica.cz\/proc-si-nechat-vest-ucetnictvi-od-firmy\/","datePublished":"2022-08-19","dateModified":"2023-06-14","mainEntityOfPage":"https:\/\/www.celtica.cz\/proc-si-nechat-vest-ucetnictvi-od-firmy\/","author":{"@type":"Person","@id":"https:\/\/www.celtica.cz\/author\/#Person","name":"","url":"https:\/\/www.celtica.cz\/author\/","identifier":1,"image":{"@type":"ImageObject","@id":"https:\/\/secure.gravatar.com\/avatar\/da76ffe9456a057fb26f92cd8eb3d2effca853864e9ae2a35290bd1e10b1f7d4?s=96&d=mm&r=g","url":"https:\/\/secure.gravatar.com\/avatar\/da76ffe9456a057fb26f92cd8eb3d2effca853864e9ae2a35290bd1e10b1f7d4?s=96&d=mm&r=g","height":96,"width":96}},"publisher":{"@type":"Organization","name":"celtica.cz","logo":{"@type":"ImageObject","@id":"\/logo.png","url":"\/logo.png","width":600,"height":60}},"image":{"@type":"ImageObject","@id":"https:\/\/www.celtica.cz\/wp-content\/uploads\/%C3%BA%C4%8Detn%C3%AD%20(3)_4.png","url":"https:\/\/www.celtica.cz\/wp-content\/uploads\/%C3%BA%C4%8Detn%C3%AD%20(3)_4.png","height":0,"width":0},"keywords":null},{"@type":"Article","@id":"https:\/\/www.celtica.cz\/uklizeno-bez-namahy\/","headline":"Uklizeno bez n\u00e1mahy","url":"https:\/\/www.celtica.cz\/uklizeno-bez-namahy\/","datePublished":"2022-08-15","dateModified":"2023-06-14","mainEntityOfPage":"https:\/\/www.celtica.cz\/uklizeno-bez-namahy\/","author":{"@type":"Person","@id":"https:\/\/www.celtica.cz\/author\/#Person","name":"","url":"https:\/\/www.celtica.cz\/author\/","identifier":1,"image":{"@type":"ImageObject","@id":"https:\/\/secure.gravatar.com\/avatar\/da76ffe9456a057fb26f92cd8eb3d2effca853864e9ae2a35290bd1e10b1f7d4?s=96&d=mm&r=g","url":"https:\/\/secure.gravatar.com\/avatar\/da76ffe9456a057fb26f92cd8eb3d2effca853864e9ae2a35290bd1e10b1f7d4?s=96&d=mm&r=g","height":96,"width":96}},"publisher":{"@type":"Organization","name":"celtica.cz","logo":{"@type":"ImageObject","@id":"\/logo.png","url":"\/logo.png","width":600,"height":60}},"image":{"@type":"ImageObject","@id":"https:\/\/www.celtica.cz\/wp-content\/uploads\/blinds-5928691_640.jpg","url":"https:\/\/www.celtica.cz\/wp-content\/uploads\/blinds-5928691_640.jpg","height":0,"width":0},"keywords":null},{"@type":"Article","@id":"https:\/\/www.celtica.cz\/na-stehovani-si-radeji-privstante\/","headline":"Na st\u011bhov\u00e1n\u00ed si rad\u011bji p\u0159ivsta\u0148te","url":"https:\/\/www.celtica.cz\/na-stehovani-si-radeji-privstante\/","datePublished":"2022-08-14","dateModified":"2023-09-27","mainEntityOfPage":"https:\/\/www.celtica.cz\/na-stehovani-si-radeji-privstante\/","author":{"@type":"Person","@id":"https:\/\/www.celtica.cz\/author\/#Person","name":"","url":"https:\/\/www.celtica.cz\/author\/","identifier":1,"image":{"@type":"ImageObject","@id":"https:\/\/secure.gravatar.com\/avatar\/da76ffe9456a057fb26f92cd8eb3d2effca853864e9ae2a35290bd1e10b1f7d4?s=96&d=mm&r=g","url":"https:\/\/secure.gravatar.com\/avatar\/da76ffe9456a057fb26f92cd8eb3d2effca853864e9ae2a35290bd1e10b1f7d4?s=96&d=mm&r=g","height":96,"width":96}},"publisher":{"@type":"Organization","name":"celtica.cz","logo":{"@type":"ImageObject","@id":"\/logo.png","url":"\/logo.png","width":600,"height":60}},"image":{"@type":"ImageObject","@id":"https:\/\/www.celtica.cz\/wp-content\/uploads\/moving-boxes-3407663_640_1.png","url":"https:\/\/www.celtica.cz\/wp-content\/uploads\/moving-boxes-3407663_640_1.png","height":0,"width":0},"keywords":null}]}