[{"@context":"https:\/\/schema.org\/","@type":"Article","@id":"https:\/\/www.celtica.cz\/proc-stale-trpite-v-nepohodlnem-obleceni\/#Article","mainEntityOfPage":"https:\/\/www.celtica.cz\/proc-stale-trpite-v-nepohodlnem-obleceni\/","headline":"Pro\u010d st\u00e1le trp\u00edte v nepohodln\u00e9m oble\u010den\u00ed?","name":"Pro\u010d st\u00e1le trp\u00edte v nepohodln\u00e9m oble\u010den\u00ed?","description":"Chceme se c\u00edtit skv\u011bl\u00e9 a chceme se c\u00edtit pohodln\u011b ve sv\u00e9m oble\u010den\u00ed. M\u00e1lokdo chce trp\u011bt pro kr\u00e1su, ale to nen\u00ed &hellip; ","datePublished":"2022-08-19","dateModified":"2023-06-14","author":{"@type":"Person","@id":"https:\/\/www.celtica.cz\/author\/#Person","name":"","url":"https:\/\/www.celtica.cz\/author\/","identifier":1,"image":{"@type":"ImageObject","@id":"https:\/\/secure.gravatar.com\/avatar\/da76ffe9456a057fb26f92cd8eb3d2effca853864e9ae2a35290bd1e10b1f7d4?s=96&d=mm&r=g","url":"https:\/\/secure.gravatar.com\/avatar\/da76ffe9456a057fb26f92cd8eb3d2effca853864e9ae2a35290bd1e10b1f7d4?s=96&d=mm&r=g","height":96,"width":96}},"publisher":{"@type":"Organization","name":"celtica.cz","logo":{"@type":"ImageObject","@id":"\/logo.png","url":"\/logo.png","width":600,"height":60}},"image":{"@type":"ImageObject","@id":"https:\/\/www.celtica.cz\/wp-content\/uploads\/woman-g4ff6e8d06_640.jpg","url":"https:\/\/www.celtica.cz\/wp-content\/uploads\/woman-g4ff6e8d06_640.jpg","height":0,"width":0},"url":"https:\/\/www.celtica.cz\/proc-stale-trpite-v-nepohodlnem-obleceni\/","about":["V\u00fdrobky"],"wordCount":496,"articleBody":"          Chceme se c\u00edtit skv\u011bl\u00e9 a chceme se c\u00edtit pohodln\u011b ve sv\u00e9m oble\u010den\u00ed. M\u00e1lokdo chce trp\u011bt pro kr\u00e1su, ale to nen\u00ed v dne\u0161n\u00ed dob\u011b ji\u017e t\u0159eba. V dob\u011b v d\u00e1vn\u00e9 minulosti, kdy se musela d\u011bv\u010data obl\u00e9kat do korzet\u016f, aby vypadala p\u011bkn\u011b je ji\u017e pas\u00e9. Pravdou je, \u017ee i v dne\u0161n\u00ed dob\u011b je p\u00e1r kousk\u016f oble\u010den\u00ed d\u00edky kter\u00fdm sle\u010dny, \u017eeny, d\u00edvky trp\u00ed, aby vypadala kr\u00e1sn\u011b, ale pro\u010d? M\u00e1me zde mnoho od\u011bv\u016f, ve kter\u00fdch se m\u016f\u017eeme c\u00edtit \u00fa\u017easn\u011b a kter\u00e9 n\u00e1m n\u00e1ramn\u011b padnou na m\u00edru! Tak se poohl\u00e9dn\u011bte po t\u011bchto kousc\u00edch d\u00e1my!Jestli\u017ee chod\u00edte sportovat anebo jen po n\u00e1kupech \u010di proch\u00e1zk\u00e1ch ve m\u011bst\u011b, tak je jedno jasn\u00e9. V\u017edy se budeme c\u00edtit l\u00e9pe pokud n\u00e1m to bude slu\u0161et a pokud se budeme c\u00edtit dob\u0159e v na\u0161em oble\u010den\u00ed. Jestli\u017ee V\u00e1s kousky oble\u010den\u00ed \u0161kr\u00e1bou, kou\u0161ou anebo je nep\u0159\u00edjemn\u00fd materi\u00e1l na k\u016f\u017ei, tak je jasn\u00e9, \u017ee si nic z na\u0161ich aktivit neu\u017eijeme tak, jak jsme zam\u00fd\u0161leli a jak jsme cht\u011bli. Nov\u00e1 dobrodru\u017estv\u00ed se tak\u00e9 l\u00e9pe pro\u017e\u00edvaj\u00ed, kdy\u017e na sob\u011b m\u00e1me pohodln\u00e9 oble\u010den\u00ed, se kter\u00fdm m\u016f\u017eeme stoprocentn\u011b d\u00fdchat a nemyslet na r\u016fzn\u00e9 nep\u0159\u00edjemnosti popsan\u00e9 v\u00fd\u0161e.Myslete na pohodl\u00ed sv\u00e9ho t\u011bla, proto\u017ee pak bude v pohodl\u00ed i Va\u0161e mysl.D\u00e1msk\u00e9 termo leg\u00edny s vysok\u00fdm pasem V\u00e1m umo\u017en\u00ed cvi\u010den\u00ed a sportov\u00e1n\u00ed bez omezen\u00ed a nep\u0159\u00edjemn\u00fdch pach\u016f. S t\u00edm \u00fazce souvis\u00ed i to, \u017ee se s nimi potit prost\u011b nebudete. Jsou z jemn\u00e9ho materi\u00e1lu a d\u00edky termo funkci je m\u016f\u017eete nosit i v chladn\u011bj\u0161\u00edm po\u010das\u00ed. Zato\u010dte se zimn\u00edmi a podzimn\u00edmi r\u00e1ny \u010di ve\u010dery a po\u0159i\u010fte si alespo\u0148 jeden kousek do Va\u0161eho \u0161atn\u00edku.Termo spodn\u00ed pr\u00e1dlo V\u00e1m zajist\u00ed, \u017ee Va\u0161e prvotn\u00ed vrstva (tedy spodn\u00ed pr\u00e1dlo) zabr\u00e1n\u00ed nachlazen\u00ed a promrznut\u00ed cel\u00e9ho t\u011bla. Je navr\u017eeno a u\u0161ito tak, aby n\u00e1m sed\u011blo na t\u011ble a p\u0159izp\u016fsobilo se na\u0161emu t\u011blu. Nezapom\u00ednejme ani na spr\u00e1vnou obuv. Jestli\u017ee chcete m\u00edt chr\u00e1n\u011bn\u00e9 nohy a chodidla celkov\u011b, pak si vzpome\u0148te na \u00fa\u017easnou vlo\u017eku do bot v podob\u011b ko\u017e\u00ed\u0161ku. Odborn\u00edci \u0159\u00edkaj\u00ed, \u017ee je nejhor\u0161\u00ed, kdy\u017e nachlazen\u00ed p\u0159ich\u00e1z\u00ed od nohou, a proto bychom je m\u011bli chr\u00e1nit jako prvn\u00ed! V\u017edy m\u011bjte na pam\u011bti, \u017ee je lep\u0161\u00ed investovat do nov\u00fdch bot, kter\u00e9 n\u00e1s opravdu ochr\u00e1n\u00ed ne\u017e sami sebe uji\u0161\u0165ovat, \u017ee ty boty jednu zimu je\u0161t\u011b vydr\u017e\u00ed.                                                                                                                                                                                                                                                                                                                                                                                          4\/5 - (10 votes)        "},{"@context":"https:\/\/schema.org\/","@type":"BreadcrumbList","itemListElement":[{"@type":"ListItem","position":1,"name":"Pro\u010d st\u00e1le trp\u00edte v nepohodln\u00e9m oble\u010den\u00ed?","item":"https:\/\/www.celtica.cz\/proc-stale-trpite-v-nepohodlnem-obleceni\/#breadcrumbitem"}]}]