[{"@context":"https:\/\/schema.org\/","@type":"Article","@id":"https:\/\/www.celtica.cz\/riko-nesa-je-kocarek-do-mesta-na-nakup-i-na-prochazku-do-lesa\/#Article","mainEntityOfPage":"https:\/\/www.celtica.cz\/riko-nesa-je-kocarek-do-mesta-na-nakup-i-na-prochazku-do-lesa\/","headline":"Riko Nesa je ko\u010d\u00e1rek do m\u011bsta na n\u00e1kup i na proch\u00e1zku do lesa","name":"Riko Nesa je ko\u010d\u00e1rek do m\u011bsta na n\u00e1kup i na proch\u00e1zku do lesa","description":"Do ter\u00e9nu pevn\u00e1 a velk\u00e1 kola Ko\u010d\u00e1rek by m\u011bl m\u00edt zejm\u00e9na spolehliv\u00fd r\u00e1m a podvozek. Na tom nejv\u00edce z\u00e1le\u017e\u00ed, proto\u017ee &hellip; ","datePublished":"2022-07-08","dateModified":"2023-06-14","author":{"@type":"Person","@id":"https:\/\/www.celtica.cz\/author\/#Person","name":"","url":"https:\/\/www.celtica.cz\/author\/","identifier":1,"image":{"@type":"ImageObject","@id":"https:\/\/secure.gravatar.com\/avatar\/da76ffe9456a057fb26f92cd8eb3d2effca853864e9ae2a35290bd1e10b1f7d4?s=96&d=mm&r=g","url":"https:\/\/secure.gravatar.com\/avatar\/da76ffe9456a057fb26f92cd8eb3d2effca853864e9ae2a35290bd1e10b1f7d4?s=96&d=mm&r=g","height":96,"width":96}},"publisher":{"@type":"Organization","name":"celtica.cz","logo":{"@type":"ImageObject","@id":"\/logo.png","url":"\/logo.png","width":600,"height":60}},"image":{"@type":"ImageObject","@id":"https:\/\/www.celtica.cz\/wp-content\/uploads\/pram-967731_640.jpg","url":"https:\/\/www.celtica.cz\/wp-content\/uploads\/pram-967731_640.jpg","height":0,"width":0},"url":"https:\/\/www.celtica.cz\/riko-nesa-je-kocarek-do-mesta-na-nakup-i-na-prochazku-do-lesa\/","about":["V\u00fdrobky"],"wordCount":419,"articleBody":"   Do ter\u00e9nu pevn\u00e1 a velk\u00e1 kolaKo\u010d\u00e1rek by m\u011bl m\u00edt zejm\u00e9na spolehliv\u00fd r\u00e1m a podvozek. Na tom nejv\u00edce z\u00e1le\u017e\u00ed, proto\u017ee jde o dopravn\u00ed prost\u0159edek, kter\u00fd vytv\u00e1\u0159\u00ed va\u0161emu d\u00edt\u011bti bezpe\u010dn\u00e9 z\u00e1zem\u00ed. Je to podobn\u00e9, jako kdybyste se vozili v luxusn\u00edm spor\u0165\u00e1ku s nabl\u00fdskanou karos\u00e9ri\u00ed, ale s d\u0159ev\u011bn\u00fdmi ztrouchniv\u011bl\u00fdmi koly, takov\u00fd v\u016fz v\u00e1s zrad\u00ed v prvn\u00ed ost\u0159ej\u0161\u00ed zat\u00e1\u010dce.Kvalitn\u00ed ko\u010d\u00e1rek pozn\u00e1te podle toho, \u017ee bude m\u00edt kola v\u011bt\u0161\u00edho pr\u016fm\u011bru s nafukovac\u00edm pl\u00e1\u0161t\u011bm a pevn\u00fdm a stabiln\u00edm kloubov\u00fdm mechanismem. Na\u0161t\u011bst\u00ed to mnoho v\u00fdrobk\u016f v t\u00e9to kategorii spl\u0148uje, nap\u0159\u00edklad od v\u00fdrobce Riko. Ten dod\u00e1v\u00e1 na trh i dvoj nebo trojkombinace ko\u010d\u00e1rk\u016f, tedy klasick\u00e9ho hlubok\u00e9ho, sportovn\u00ed verze a autoseda\u010dky.Z\u00e1le\u017e\u00ed i na barv\u011bVztah matky a mal\u00e9ho miminka je natolik sv\u00e1zan\u00fd, \u017ee o tom asi st\u011b\u017e\u00ed n\u011bkdo z v\u00e1s pochybuje. D\u011bti citliv\u011b vn\u00edmaj\u00ed ka\u017edou drobnost a celkov\u00e9 nalad\u011bn\u00ed rodi\u010d\u016f a projevuje se to i venku v ter\u00e9nu. Mo\u017en\u00e1 se v\u00e1m to bude zd\u00e1t po\u0161etil\u00e9 \u010di zveli\u010den\u00e9, ale na d\u011bti p\u016fsob\u00ed i barva ko\u010d\u00e1rku, a to velmi v\u00fdrazn\u011b. P\u016fsob\u00ed na n\u011b i to, pokud v\u00e1s, jako jeho rodi\u010de \u010di prarodi\u010de barva ko\u010d\u00e1rku p\u0159\u00edli\u0161 neoslovuje a zd\u00e1 se v\u00e1m nevhodn\u00e1 \u010di dokonce nep\u0159\u00edjemn\u00e1. Nap\u0159\u00edklad je zn\u00e1mo, \u017ee ko\u010d\u00e1rky \u010dern\u00e9, \u0161ed\u00e9 a tmav\u00fdch nev\u00fdrazn\u00fdch barev mohou ovlivnit n\u00e1ladu toho, kdo je s nimi v p\u0159\u00edm\u00e9m kontaktu. Zejm\u00e9na velmi tmav\u00e9 barvy ko\u010d\u00e1rk\u016f pohlcuj\u00ed energii na stejn\u00e9m principu, jako je tomu u sol\u00e1rn\u00edch kolektor\u016f. \u010cern\u00e1 zkr\u00e1tka l\u00e9pe pohlcuje slune\u010dn\u00e9 z\u00e1\u0159en\u00ed a v \u010dern\u00e9 hadici se v\u00e1m oh\u0159eje voda mnohem rychleji, ne\u017e v b\u00edl\u00e9 nebo t\u0159eba v r\u016f\u017eov\u00e9.Vyb\u00edrejte tedy ko\u010d\u00e1rky Riko Nesa i podle barev, nejen z hlediska funk\u010dnosti, a d\u00e1vejte p\u0159ednost barv\u00e1m vesel\u00fdm, pastelov\u00fdm. A\u0165 u\u017e si zvol\u00edte jakoukoli barvu, budete l\u00e9pe nalad\u011bni a barva bude odr\u00e1\u017eet energii okoln\u00edho prostoru z rostlin i ze slunce a budete ji m\u00edt v\u00edce k dispozici, ne\u017e kdyby byl ko\u010d\u00e1rek \u010dern\u00fd.                                                                                                                                                                                                                                                                                                                                                                                           3.5\/5 - (2 votes)        "},{"@context":"https:\/\/schema.org\/","@type":"BreadcrumbList","itemListElement":[{"@type":"ListItem","position":1,"name":"Riko Nesa je ko\u010d\u00e1rek do m\u011bsta na n\u00e1kup i na proch\u00e1zku do lesa","item":"https:\/\/www.celtica.cz\/riko-nesa-je-kocarek-do-mesta-na-nakup-i-na-prochazku-do-lesa\/#breadcrumbitem"}]}]