[{"@context":"https:\/\/schema.org\/","@type":"Article","@id":"https:\/\/www.celtica.cz\/s-dodavkou-z-pujcovny-v-praze-do-machova-kraje\/#Article","mainEntityOfPage":"https:\/\/www.celtica.cz\/s-dodavkou-z-pujcovny-v-praze-do-machova-kraje\/","headline":"S dod\u00e1vkou z p\u016fj\u010dovny v Praze do M\u00e1chova kraje","name":"S dod\u00e1vkou z p\u016fj\u010dovny v Praze do M\u00e1chova kraje","description":"Historie na\u0161\u00ed zem\u011b je spojena s celou \u0159adou dramatick\u00fdch obdob\u00ed, v\u00e1le\u010dn\u00fdch st\u0159etnut\u00ed, hladomoru, b\u00eddy a utrp\u011bn\u00ed st\u0159edov\u011bku i modern\u00edch d\u011bjin. &hellip; ","datePublished":"2021-07-23","dateModified":"2023-06-14","author":{"@type":"Person","@id":"https:\/\/www.celtica.cz\/author\/#Person","name":"","url":"https:\/\/www.celtica.cz\/author\/","identifier":1,"image":{"@type":"ImageObject","@id":"https:\/\/secure.gravatar.com\/avatar\/da76ffe9456a057fb26f92cd8eb3d2effca853864e9ae2a35290bd1e10b1f7d4?s=96&d=mm&r=g","url":"https:\/\/secure.gravatar.com\/avatar\/da76ffe9456a057fb26f92cd8eb3d2effca853864e9ae2a35290bd1e10b1f7d4?s=96&d=mm&r=g","height":96,"width":96}},"publisher":{"@type":"Organization","name":"celtica.cz","logo":{"@type":"ImageObject","@id":"\/logo.png","url":"\/logo.png","width":600,"height":60}},"image":{"@type":"ImageObject","@id":"https:\/\/www.celtica.cz\/wp-content\/uploads\/M%C3%A1ch%C5%AFv%20kraj.jpg","url":"https:\/\/www.celtica.cz\/wp-content\/uploads\/M%C3%A1ch%C5%AFv%20kraj.jpg","height":0,"width":0},"url":"https:\/\/www.celtica.cz\/s-dodavkou-z-pujcovny-v-praze-do-machova-kraje\/","wordCount":471,"articleBody":"   Historie na\u0161\u00ed zem\u011b je spojena s celou \u0159adou dramatick\u00fdch obdob\u00ed, v\u00e1le\u010dn\u00fdch st\u0159etnut\u00ed, hladomoru, b\u00eddy a utrp\u011bn\u00ed st\u0159edov\u011bku i modern\u00edch d\u011bjin. Ji\u017e d\u011bti ve \u0161kol\u00e1ch jsou seznamov\u00e1ny s husitsk\u00fdm hnut\u00edm a up\u00e1len\u00ed Mistra Jana Husa slav\u00edme dokonce jako st\u00e1tn\u00ed sv\u00e1tek. Kdo byl Jan Hus a Jan \u017di\u017eka, v\u00ed snad ka\u017ed\u00fd, a tak\u00e9 se jist\u011b rozpomenete, \u017ee v t\u00e9to pohnut\u00e9 dob\u011b bylo zalo\u017eeno m\u011bsto T\u00e1bor, kter\u00e9 dnes pat\u0159\u00ed k nejnav\u0161t\u011bvovan\u011bj\u0161\u00edm turistick\u00fdm c\u00edl\u016fm.Je\u010fte tam, kde se psaly d\u011bjinyD\u011bjiny se ov\u0161em nepsaly jen v T\u00e1bo\u0159e a jiho\u010desk\u00e9m regionu, r\u00e1di bychom v\u00e1m p\u0159ipomn\u011bli, \u017ee ve \u0161koln\u00edch osnov\u00e1ch je sou\u010d\u00e1st\u00ed v\u00fduky recitovat nazpam\u011b\u0165 b\u00e1se\u0148 M\u00e1j. Karel Hynek M\u00e1cha pat\u0159\u00ed k op\u011bvovan\u00fdm liter\u00e1t\u016fm a ve sv\u00e9m d\u00edle n\u00e1m zanechal odkaz sv\u00e9ho vztahu k p\u0159\u00edrod\u011b, aby n\u00e1m p\u0159ipomn\u011bl, \u017ee jsme jej\u00ed sou\u010d\u00e1st\u00ed, a \u017ee bychom si m\u011bli uv\u011bdomit, jak p\u0159ekr\u00e1sn\u00e1 m\u00edsta lze objevit doslova za humny.Pokud m\u00e1te v pl\u00e1nu pronajmout si v\u016fz na p\u00e1r dn\u016f \u2013 prodlou\u017een\u00fd v\u00edkend \u010di t\u00fddenn\u00ed dovolenou, pak bychom v\u00e1m r\u00e1di poskytli tip na pobyt v M\u00e1chov\u011b kraji. Vystihnete-li p\u0159\u00edjemn\u00e9, slune\u010dn\u00e9 po\u010das\u00ed, m\u016f\u017eete tu pro\u017e\u00edt velmi romantick\u00e9 chv\u00edle na p\u00edse\u010dn\u00fdch pl\u00e1\u017e\u00edch M\u00e1chova jezera ve Star\u00fdch Splavech \u010di v Doksech a spojit koup\u00e1n\u00ed a relaxaci u vody s v\u00fdlety po okol\u00ed.Doporu\u010dit v\u00e1m m\u016f\u017eeme cyklotrasy sm\u011brem k Ralsku, k m\u011bste\u010dku Mimo\u0148 a samoz\u0159ejm\u011b byste nem\u011bli minout hrad Koko\u0159\u00edn, Koko\u0159\u00ednsk\u00fd D\u016fl, skaln\u00ed hrad a jeskyni Nedamy s \u00fachvatnou vyhl\u00eddkou do krajiny. Jestli\u017ee si zajist\u00edte ubytov\u00e1n\u00ed v kempu Kl\u016f\u010dek, kter\u00fd je posazen do borov\u00e9ho h\u00e1je, o n\u011bm\u017e se zmi\u0148uje Karel Hynek M\u00e1cha, m\u016f\u017eete odtud podnikat v\u00fdlety pronajatou dod\u00e1vkou i do \u010cesk\u00e9ho r\u00e1je, k vys\u00edla\u010di Je\u0161t\u011bd nebo do Jizersk\u00fdch hor. V\u00fdhodou dod\u00e1vek z p\u016fj\u010dovny dod\u00e1vek v Praze je mo\u017enost cestovat s v\u00edce lidmi v jednom voze, l\u00e9pe pl\u00e1novat denn\u00ed program a v\u00e9zt s sebou v\u0161echna zavazadla v\u010detn\u011b sportovn\u00edch pot\u0159eb a j\u00edzdn\u00edch kol. Chr\u00e1n\u011bn\u00e1 krajinn\u00e1 oblast Koko\u0159\u00ednsko &#8211; M\u00e1ch\u016fv kraj se pak m\u016f\u017ee st\u00e1t va\u0161\u00ed obl\u00edbenou destinac\u00ed, kam se budete r\u00e1di vracet i v dal\u0161\u00edch letech.                                                                                                                                                                                                                                                                                                                                                                                          3.9\/5 - (11 votes)        "},{"@context":"https:\/\/schema.org\/","@type":"BreadcrumbList","itemListElement":[{"@type":"ListItem","position":1,"name":"S dod\u00e1vkou z p\u016fj\u010dovny v Praze do M\u00e1chova kraje","item":"https:\/\/www.celtica.cz\/s-dodavkou-z-pujcovny-v-praze-do-machova-kraje\/#breadcrumbitem"}]}]