[{"@context":"https:\/\/schema.org\/","@type":"Article","@id":"https:\/\/www.celtica.cz\/sedacky-ve-velkem-stylu\/#Article","mainEntityOfPage":"https:\/\/www.celtica.cz\/sedacky-ve-velkem-stylu\/","headline":"Seda\u010dky ve velk\u00e9m stylu","name":"Seda\u010dky ve velk\u00e9m stylu","description":"Hledali jste n\u011bco honosn\u00e9ho, ok\u00e1zal\u00e9ho, elegantn\u00edho a origin\u00e1ln\u00edho? Pot\u0159ebovali jste prost\u011b v\u00e1\u0161 ob\u00fdvac\u00ed pokoj, pracovnu, halu pov\u00fd\u0161it na vy\u0161\u0161\u00ed level? &hellip; ","datePublished":"2024-03-26","dateModified":"2024-03-26","author":{"@type":"Person","@id":"https:\/\/www.celtica.cz\/author\/#Person","name":"","url":"https:\/\/www.celtica.cz\/author\/","identifier":1,"image":{"@type":"ImageObject","@id":"https:\/\/secure.gravatar.com\/avatar\/da76ffe9456a057fb26f92cd8eb3d2effca853864e9ae2a35290bd1e10b1f7d4?s=96&d=mm&r=g","url":"https:\/\/secure.gravatar.com\/avatar\/da76ffe9456a057fb26f92cd8eb3d2effca853864e9ae2a35290bd1e10b1f7d4?s=96&d=mm&r=g","height":96,"width":96}},"publisher":{"@type":"Organization","name":"celtica.cz","logo":{"@type":"ImageObject","@id":"\/logo.png","url":"\/logo.png","width":600,"height":60}},"url":"https:\/\/www.celtica.cz\/sedacky-ve-velkem-stylu\/","wordCount":237,"articleBody":"Hledali jste n\u011bco honosn\u00e9ho, ok\u00e1zal\u00e9ho, elegantn\u00edho a origin\u00e1ln\u00edho? Pot\u0159ebovali jste prost\u011b v\u00e1\u0161 ob\u00fdvac\u00ed pokoj, pracovnu, halu pov\u00fd\u0161it na vy\u0161\u0161\u00ed level? A na\u0161li? Nena\u0161li? Mo\u017en\u00e1 ano, ale za neskute\u010dn\u011b nev\u00fdhodn\u00fdch cenov\u00fdch podm\u00ednek! Konec n\u00e1\u0159k\u016fm, kone\u010dn\u011b je tu \u0161ance pro v\u00e1s! Levn\u00e9 sedac\u00ed soupravy jsou velkorys\u00e9 nejen samotn\u00fdm zpracov\u00e1n\u00edm, ale i vynikaj\u00edc\u00ed cenou! Dost ji\u017e bylo b\u00e9\u010dkov\u00fdch a nevkusn\u00fdch kus\u016f z n\u00e1bytkov\u00fdch market\u016f! Tam se jen t\u011b\u017eko setk\u00e1te s kvalitou, kterou ocen\u00edte! Kdy\u017e m\u00e1te mo\u017enost vyb\u00edrat z takov\u00e9 nab\u00eddky jako u n\u00e1s, nen\u00ed nad \u010d\u00edm v\u00e1hat! Pro va\u0161e, ale i pohodl\u00ed ostatn\u00edch mus\u00edte cht\u00edt i \u0159emesln\u00e9 zpracov\u00e1n\u00ed! Zaru\u010d\u00ed v\u00e1m stoprocentn\u00ed kvalitu jinde? Mo\u017en\u00e1 ano, ale za nev\u00fdhodn\u00fdch podm\u00ednek! U n\u00e1s neplat\u00ed, \u017ee dobr\u00e1 cena je v\u017edy na \u00fakor jakosti! V\u0161e jde ruku v ruce a z\u00e1kazn\u00edk n\u00e1kupem u n\u00e1s nemus\u00ed p\u0159istupovat na \u017e\u00e1dn\u00e9 kompromisy!\tA\u017e se rozhodnetePod\u00edvejte se na nab\u00eddku, kterou jsme pro v\u00e1s p\u0159ipravili! Pod\u00edvejte se na rozkl\u00e1dac\u00ed, \u010di rohov\u00e9 verze! Kter\u00e1 se v\u00e1m l\u00edb\u00ed? Kter\u00e1 bude brzo dominovat va\u0161emu ob\u00fdvac\u00edmu pokoji? Elegantn\u00ed, nebo origin\u00e1ln\u00ed?                                                                                                                                                                                                                                                                                                                                                                                        4.2\/5 - (5 votes)        "},{"@context":"https:\/\/schema.org\/","@type":"BreadcrumbList","itemListElement":[{"@type":"ListItem","position":1,"name":"Seda\u010dky ve velk\u00e9m stylu","item":"https:\/\/www.celtica.cz\/sedacky-ve-velkem-stylu\/#breadcrumbitem"}]}]