[{"@context":"https:\/\/schema.org\/","@type":"Article","@id":"https:\/\/www.celtica.cz\/siti-a-vysivani\/#Article","mainEntityOfPage":"https:\/\/www.celtica.cz\/siti-a-vysivani\/","headline":"\u0160it\u00ed a vy\u0161\u00edv\u00e1n\u00ed","name":"\u0160it\u00ed a vy\u0161\u00edv\u00e1n\u00ed","description":"Je opravdu mnoho lid\u00ed, kter\u00e9 bav\u00ed n\u011bco tvo\u0159it vlastn\u00edma rukama. Taky je mnoho lid\u00ed, kte\u0159\u00ed d\u00e1vaj\u00ed r\u016fzn\u00e9 d\u00e1rky, kter\u00e9 vyrob\u00ed &hellip; ","datePublished":"2022-11-29","dateModified":"2023-06-14","author":{"@type":"Person","@id":"https:\/\/www.celtica.cz\/author\/#Person","name":"","url":"https:\/\/www.celtica.cz\/author\/","identifier":1,"image":{"@type":"ImageObject","@id":"https:\/\/secure.gravatar.com\/avatar\/da76ffe9456a057fb26f92cd8eb3d2effca853864e9ae2a35290bd1e10b1f7d4?s=96&d=mm&r=g","url":"https:\/\/secure.gravatar.com\/avatar\/da76ffe9456a057fb26f92cd8eb3d2effca853864e9ae2a35290bd1e10b1f7d4?s=96&d=mm&r=g","height":96,"width":96}},"publisher":{"@type":"Organization","name":"celtica.cz","logo":{"@type":"ImageObject","@id":"\/logo.png","url":"\/logo.png","width":600,"height":60}},"image":{"@type":"ImageObject","@id":"https:\/\/www.celtica.cz\/wp-content\/uploads\/red-thread-5548304_960_720.jpg","url":"https:\/\/www.celtica.cz\/wp-content\/uploads\/red-thread-5548304_960_720.jpg","height":0,"width":0},"url":"https:\/\/www.celtica.cz\/siti-a-vysivani\/","about":["V\u00fdrobky"],"wordCount":412,"articleBody":"      Je opravdu mnoho lid\u00ed, kter\u00e9 bav\u00ed n\u011bco tvo\u0159it vlastn\u00edma rukama. Taky je mnoho lid\u00ed, kte\u0159\u00ed d\u00e1vaj\u00ed r\u016fzn\u00e9 d\u00e1rky, kter\u00e9 vyrob\u00ed sami, proto\u017ee si mysl\u00ed, \u017ee to bude lep\u0161\u00ed d\u00e1rek ne\u017e kupovan\u00fd. Podle m\u00e9ho n\u00e1zoru je tohle taky z p\u016flky pravda. Ale sice taky lid\u00e9, kte\u0159\u00ed rad\u011bji dost\u00e1vaj\u00ed anebo kupuj\u00ed d\u00e1vky z obchodu, proto\u017ee jim p\u0159ijdou lep\u0161\u00ed a jednodu\u0161\u0161\u00ed, proto\u017ee nemus\u00ed nic vyr\u00e1b\u011bt a d\u011blat si t\u00edm plnou hlavu. Ale kdy\u017e to tak vezmu, tak j\u00e1, kdy\u017e od sv\u00e9ho syna dostanu kr\u00e1sn\u00fd d\u00e1rek, kter\u00fdmi ru\u010dn\u011b ud\u011blal, tak jsem opravdu \u0161t\u011bst\u00edm bez sebe. A mn\u011b osobn\u011b se l\u00edb\u00ed, kdy\u017e mi syn ud\u011bl\u00e1 n\u011bjak\u00fd d\u00e1rek. Je to kr\u00e1sn\u00e9 a je to od srdce. A hlavn\u011b je to tak, \u017ee t\u00edm vlastn\u011b daroval sv\u016fj \u010das a je pro m\u011b. Mnoho lid\u00ed si mysl\u00ed to sam\u00e9 a j\u00e1 jsem za tohle r\u00e1da. Nav\u00edc jsou ale taky lid\u00e9, kte\u0159\u00ed n\u011bco tvo\u0159\u00ed d\u00e1le jen tak pro sebe anebo to dokonce i prod\u00e1vaj\u00ed. Jsou proto r\u016fzn\u00e9 obchody anebo e-shop je \u010di galanterie, kde se taky m\u016f\u017eete pod\u00edvat na obchod webovou str\u00e1nkou prima-obchod.cz, kde najdete produkty a textiln\u00ed galanterii, jako nap\u0159\u00edklad nit\u011b.Ten, kdo vy\u0161\u00edv\u00e1 anebo \u0161ije anebo vyr\u00e1b\u00ed r\u016fzn\u00e9 v\u00fdrobky, tak pot\u0159ebuje nejenom n\u011bjak\u00e9 l\u00e1tky anebo dopl\u0148ky, ale taky nit\u011b, kter\u00e9 jsou taky v noha barv\u00e1ch. A nejenom jednu, proto\u017ee budete pot\u0159ebovat r\u016fzn\u011b barevn\u00e9 nit\u011b, pokud chcete \u0161\u00edt anebo vyr\u00e1b\u011bt n\u011bco barevn\u00e9ho. A vzpom\u00edn\u00e1m si, jak syn ve \u0161kolce d\u011blal ze \u0161i\u0161ek kr\u00e1sn\u011b omotan\u00e9 nit\u011b https:\/\/www.prima-obchod.cz\/produkty\/textilni-galanterie\/nite, kter\u00e9 se potom daly zav\u011bsit. Byla to opravdu kr\u00e1sn\u00e1 dekorace na zahradu jako takov\u00e1 podzimn\u00ed dekorace. Mn\u011b se to l\u00edb\u00ed. A potom, kdy\u017e skon\u010dil podzim a nastala zima, tak jsem \u0161i\u0161ky z nit\u00ed vzala a dala jsem je na v\u00e1no\u010dn\u00ed strome\u010dek. Kdybyste vid\u011bli ten radostn\u00fd \u00fasm\u011bv u syna, tak byste ud\u011blali to sam\u00e9. A jak na tom jste vy? Bavilo v\u00e1s tehdy na z\u00e1kladn\u00ed \u0161kole povinn\u011b n\u011bco vy\u0161\u00edvat a \u0161\u00edt? M\u011b osobn\u011b to nebavilo, ale nyn\u00ed si ob\u010das n\u011bco vy\u0161iji.                                                                                                                                                                                                                                                                                                                                                                                          3.7\/5 - (12 votes)        "},{"@context":"https:\/\/schema.org\/","@type":"BreadcrumbList","itemListElement":[{"@type":"ListItem","position":1,"name":"\u0160it\u00ed a vy\u0161\u00edv\u00e1n\u00ed","item":"https:\/\/www.celtica.cz\/siti-a-vysivani\/#breadcrumbitem"}]}]