{"@context":"https:\/\/schema.org\/","@type":"CollectionPage","@id":"https:\/\/www.celtica.cz\/vyrobky\/#CollectionPage","headline":"V\u00fdrobky Category","description":"","url":"https:\/\/www.celtica.cz\/vyrobky\/","hasPart":[{"@type":"Article","@id":"https:\/\/www.celtica.cz\/proc-stale-trpite-v-nepohodlnem-obleceni\/","headline":"Pro\u010d st\u00e1le trp\u00edte v nepohodln\u00e9m oble\u010den\u00ed?","url":"https:\/\/www.celtica.cz\/proc-stale-trpite-v-nepohodlnem-obleceni\/","datePublished":"2022-08-19","dateModified":"2023-06-14","mainEntityOfPage":"https:\/\/www.celtica.cz\/proc-stale-trpite-v-nepohodlnem-obleceni\/","author":{"@type":"Person","@id":"https:\/\/www.celtica.cz\/author\/#Person","name":"","url":"https:\/\/www.celtica.cz\/author\/","identifier":1,"image":{"@type":"ImageObject","@id":"https:\/\/secure.gravatar.com\/avatar\/da76ffe9456a057fb26f92cd8eb3d2effca853864e9ae2a35290bd1e10b1f7d4?s=96&d=mm&r=g","url":"https:\/\/secure.gravatar.com\/avatar\/da76ffe9456a057fb26f92cd8eb3d2effca853864e9ae2a35290bd1e10b1f7d4?s=96&d=mm&r=g","height":96,"width":96}},"publisher":{"@type":"Organization","name":"celtica.cz","logo":{"@type":"ImageObject","@id":"\/logo.png","url":"\/logo.png","width":600,"height":60}},"image":{"@type":"ImageObject","@id":"https:\/\/www.celtica.cz\/wp-content\/uploads\/woman-g4ff6e8d06_640.jpg","url":"https:\/\/www.celtica.cz\/wp-content\/uploads\/woman-g4ff6e8d06_640.jpg","height":0,"width":0},"keywords":null},{"@type":"Article","@id":"https:\/\/www.celtica.cz\/skladaci-prepravky-pro-lokalni-pestitele\/","headline":"Skl\u00e1dac\u00ed p\u0159epravky pro lok\u00e1ln\u00ed p\u011bstitele","url":"https:\/\/www.celtica.cz\/skladaci-prepravky-pro-lokalni-pestitele\/","datePublished":"2022-08-19","dateModified":"2023-07-21","mainEntityOfPage":"https:\/\/www.celtica.cz\/skladaci-prepravky-pro-lokalni-pestitele\/","author":{"@type":"Person","@id":"https:\/\/www.celtica.cz\/author\/#Person","name":"","url":"https:\/\/www.celtica.cz\/author\/","identifier":1,"image":{"@type":"ImageObject","@id":"https:\/\/secure.gravatar.com\/avatar\/da76ffe9456a057fb26f92cd8eb3d2effca853864e9ae2a35290bd1e10b1f7d4?s=96&d=mm&r=g","url":"https:\/\/secure.gravatar.com\/avatar\/da76ffe9456a057fb26f92cd8eb3d2effca853864e9ae2a35290bd1e10b1f7d4?s=96&d=mm&r=g","height":96,"width":96}},"publisher":{"@type":"Organization","name":"celtica.cz","logo":{"@type":"ImageObject","@id":"\/logo.png","url":"\/logo.png","width":600,"height":60}},"image":{"@type":"ImageObject","@id":"https:\/\/www.celtica.cz\/wp-content\/uploads\/apples-g828ad1319_640.jpg","url":"https:\/\/www.celtica.cz\/wp-content\/uploads\/apples-g828ad1319_640.jpg","height":0,"width":0},"keywords":null},{"@type":"Article","@id":"https:\/\/www.celtica.cz\/po-krasnem-tele-nemusite-jen-touzit\/","headline":"Po kr\u00e1sn\u00e9m t\u011ble nemus\u00edte jen tou\u017eit","url":"https:\/\/www.celtica.cz\/po-krasnem-tele-nemusite-jen-touzit\/","datePublished":"2022-08-15","dateModified":"2023-06-14","mainEntityOfPage":"https:\/\/www.celtica.cz\/po-krasnem-tele-nemusite-jen-touzit\/","author":{"@type":"Person","@id":"https:\/\/www.celtica.cz\/author\/#Person","name":"","url":"https:\/\/www.celtica.cz\/author\/","identifier":1,"image":{"@type":"ImageObject","@id":"https:\/\/secure.gravatar.com\/avatar\/da76ffe9456a057fb26f92cd8eb3d2effca853864e9ae2a35290bd1e10b1f7d4?s=96&d=mm&r=g","url":"https:\/\/secure.gravatar.com\/avatar\/da76ffe9456a057fb26f92cd8eb3d2effca853864e9ae2a35290bd1e10b1f7d4?s=96&d=mm&r=g","height":96,"width":96}},"publisher":{"@type":"Organization","name":"celtica.cz","logo":{"@type":"ImageObject","@id":"\/logo.png","url":"\/logo.png","width":600,"height":60}},"image":{"@type":"ImageObject","@id":"https:\/\/www.celtica.cz\/wp-content\/uploads\/crossfit-534615_640_2.jpg","url":"https:\/\/www.celtica.cz\/wp-content\/uploads\/crossfit-534615_640_2.jpg","height":0,"width":0},"keywords":null},{"@type":"Article","@id":"https:\/\/www.celtica.cz\/proc-muze-byt-tezke-sehnat-saty-xxl\/","headline":"Pro\u010d m\u016f\u017ee b\u00fdt t\u011b\u017ek\u00e9 sehnat \u0161aty xxl","url":"https:\/\/www.celtica.cz\/proc-muze-byt-tezke-sehnat-saty-xxl\/","datePublished":"2022-08-14","dateModified":"2023-06-14","mainEntityOfPage":"https:\/\/www.celtica.cz\/proc-muze-byt-tezke-sehnat-saty-xxl\/","author":{"@type":"Person","@id":"https:\/\/www.celtica.cz\/author\/#Person","name":"","url":"https:\/\/www.celtica.cz\/author\/","identifier":1,"image":{"@type":"ImageObject","@id":"https:\/\/secure.gravatar.com\/avatar\/da76ffe9456a057fb26f92cd8eb3d2effca853864e9ae2a35290bd1e10b1f7d4?s=96&d=mm&r=g","url":"https:\/\/secure.gravatar.com\/avatar\/da76ffe9456a057fb26f92cd8eb3d2effca853864e9ae2a35290bd1e10b1f7d4?s=96&d=mm&r=g","height":96,"width":96}},"publisher":{"@type":"Organization","name":"celtica.cz","logo":{"@type":"ImageObject","@id":"\/logo.png","url":"\/logo.png","width":600,"height":60}},"image":{"@type":"ImageObject","@id":"https:\/\/www.celtica.cz\/wp-content\/uploads\/barevne_saty_M7ZsQV.jpg","url":"https:\/\/www.celtica.cz\/wp-content\/uploads\/barevne_saty_M7ZsQV.jpg","height":0,"width":0},"keywords":null},{"@type":"Article","@id":"https:\/\/www.celtica.cz\/riko-nesa-je-kocarek-do-mesta-na-nakup-i-na-prochazku-do-lesa\/","headline":"Riko Nesa je ko\u010d\u00e1rek do m\u011bsta na n\u00e1kup i na proch\u00e1zku do lesa","url":"https:\/\/www.celtica.cz\/riko-nesa-je-kocarek-do-mesta-na-nakup-i-na-prochazku-do-lesa\/","datePublished":"2022-07-08","dateModified":"2023-06-14","mainEntityOfPage":"https:\/\/www.celtica.cz\/riko-nesa-je-kocarek-do-mesta-na-nakup-i-na-prochazku-do-lesa\/","author":{"@type":"Person","@id":"https:\/\/www.celtica.cz\/author\/#Person","name":"","url":"https:\/\/www.celtica.cz\/author\/","identifier":1,"image":{"@type":"ImageObject","@id":"https:\/\/secure.gravatar.com\/avatar\/da76ffe9456a057fb26f92cd8eb3d2effca853864e9ae2a35290bd1e10b1f7d4?s=96&d=mm&r=g","url":"https:\/\/secure.gravatar.com\/avatar\/da76ffe9456a057fb26f92cd8eb3d2effca853864e9ae2a35290bd1e10b1f7d4?s=96&d=mm&r=g","height":96,"width":96}},"publisher":{"@type":"Organization","name":"celtica.cz","logo":{"@type":"ImageObject","@id":"\/logo.png","url":"\/logo.png","width":600,"height":60}},"image":{"@type":"ImageObject","@id":"https:\/\/www.celtica.cz\/wp-content\/uploads\/pram-967731_640.jpg","url":"https:\/\/www.celtica.cz\/wp-content\/uploads\/pram-967731_640.jpg","height":0,"width":0},"keywords":null},{"@type":"Article","@id":"https:\/\/www.celtica.cz\/draha-elektrina-neni-nutnosti\/","headline":"Drah\u00e1 elekt\u0159ina nen\u00ed nutnost\u00ed","url":"https:\/\/www.celtica.cz\/draha-elektrina-neni-nutnosti\/","datePublished":"2022-06-08","dateModified":"2024-02-07","mainEntityOfPage":"https:\/\/www.celtica.cz\/draha-elektrina-neni-nutnosti\/","author":{"@type":"Person","@id":"https:\/\/www.celtica.cz\/author\/#Person","name":"","url":"https:\/\/www.celtica.cz\/author\/","identifier":1,"image":{"@type":"ImageObject","@id":"https:\/\/secure.gravatar.com\/avatar\/da76ffe9456a057fb26f92cd8eb3d2effca853864e9ae2a35290bd1e10b1f7d4?s=96&d=mm&r=g","url":"https:\/\/secure.gravatar.com\/avatar\/da76ffe9456a057fb26f92cd8eb3d2effca853864e9ae2a35290bd1e10b1f7d4?s=96&d=mm&r=g","height":96,"width":96}},"publisher":{"@type":"Organization","name":"celtica.cz","logo":{"@type":"ImageObject","@id":"\/logo.png","url":"\/logo.png","width":600,"height":60}},"image":{"@type":"ImageObject","@id":"https:\/\/www.celtica.cz\/wp-content\/uploads\/fotovoltaick%C3%A9%20%C4%8Dl%C3%A1nky.jpg","url":"https:\/\/www.celtica.cz\/wp-content\/uploads\/fotovoltaick%C3%A9%20%C4%8Dl%C3%A1nky.jpg","height":0,"width":0},"keywords":null}]}