[{"@context":"https:\/\/schema.org\/","@type":"Article","@id":"https:\/\/www.celtica.cz\/zacnete-chytre-sporit\/#Article","mainEntityOfPage":"https:\/\/www.celtica.cz\/zacnete-chytre-sporit\/","headline":"Za\u010dn\u011bte chyt\u0159e spo\u0159it","name":"Za\u010dn\u011bte chyt\u0159e spo\u0159it","description":"Cht\u011bli byste u\u0161et\u0159it n\u011bjak\u00e9 pen\u00edze nav\u00edc? M\u00e1te r\u00e1di ekologii? Pokud ano, pak si m\u016f\u017eete b\u00fdt jisti, \u017ee fotovoltaika je pr\u00e1v\u011b &hellip; ","datePublished":"2023-06-06","dateModified":"2024-06-10","author":{"@type":"Person","@id":"https:\/\/www.celtica.cz\/author\/#Person","name":"","url":"https:\/\/www.celtica.cz\/author\/","identifier":1,"image":{"@type":"ImageObject","@id":"https:\/\/secure.gravatar.com\/avatar\/da76ffe9456a057fb26f92cd8eb3d2effca853864e9ae2a35290bd1e10b1f7d4?s=96&d=mm&r=g","url":"https:\/\/secure.gravatar.com\/avatar\/da76ffe9456a057fb26f92cd8eb3d2effca853864e9ae2a35290bd1e10b1f7d4?s=96&d=mm&r=g","height":96,"width":96}},"publisher":{"@type":"Organization","name":"celtica.cz","logo":{"@type":"ImageObject","@id":"\/logo.png","url":"\/logo.png","width":600,"height":60}},"url":"https:\/\/www.celtica.cz\/zacnete-chytre-sporit\/","wordCount":243,"articleBody":"Cht\u011bli byste u\u0161et\u0159it n\u011bjak\u00e9 pen\u00edze nav\u00edc? M\u00e1te r\u00e1di ekologii? Pokud ano, pak si m\u016f\u017eete b\u00fdt jisti, \u017ee fotovoltaika je pr\u00e1v\u011b pro v\u00e1s. Uvid\u00edte, \u017ee tento zp\u016fsob v\u00fdroby elektrick\u00e9 energie si obl\u00edb\u00edte. Je to mo\u017enost, jak bezplatn\u011b vyr\u00e1b\u011bt energii, a to pr\u00e1v\u011b tehdy, kdy\u017e sv\u00edt\u00ed slunce. Jestli\u017ee se proto nebr\u00e1n\u00edte po\u010d\u00e1te\u010dn\u00ed investici, a to i proto, \u017ee v\u00edte, \u017ee se v\u00e1m po n\u011bkolika letech vr\u00e1t\u00ed, pak se m\u016f\u017eete spolehnout pr\u00e1v\u011b na v\u00e1s. Na\u0161e \u0159e\u0161en\u00ed bude kompletn\u00ed, nebo\u0165 zahrnuje ve\u0161ker\u00e9 n\u00e1le\u017eitosti. Rozhodn\u011b se nebojte, \u017ee bychom v\u00e1m dodali pouze panely a nic v\u00edc.Pro v\u0161echny rozumn\u00e9 lidiKa\u017ed\u00fd rozumn\u00fd \u010dlov\u011bk by m\u011bl v\u011bd\u011bt, \u017ee ekologie nen\u00ed \u0161patn\u00e1 v\u011bc. Je proto dobr\u00e9 se j\u00ed \u0159\u00eddit, a pokud je to mo\u017en\u00e9, tak\u00e9 j\u00ed n\u011bjak\u00fdm zp\u016fsobem p\u0159isp\u011bt. O to se sna\u017e\u00edme i my, a proto se nebojte vyu\u017e\u00edt na\u0161i nab\u00eddku. Fotovoltaika je jednou z mo\u017enost\u00ed, jak pomoci p\u0159\u00edrod\u011b, proto\u017ee nebude tolik zat\u011b\u017eov\u00e1na teplen\u00fdmi elektr\u00e1rnami a podobn\u011b. Nebude tak\u00e9 d\u016fvod, proto\u017ee budete dal\u0161\u00edm \u010dlov\u011bkem, kter\u00fd p\u0159estoupil alespo\u0148 z \u010d\u00e1sti na alternativn\u00ed zp\u016fsob v\u00fdroby elektrick\u00e9 energie.                                                                                                                                                                                                                                                                                                                                                                                        4.7\/5 - (9 votes)        "},{"@context":"https:\/\/schema.org\/","@type":"BreadcrumbList","itemListElement":[{"@type":"ListItem","position":1,"name":"Za\u010dn\u011bte chyt\u0159e spo\u0159it","item":"https:\/\/www.celtica.cz\/zacnete-chytre-sporit\/#breadcrumbitem"}]}]