{"@context":"https:\/\/schema.org\/","@type":"CollectionPage","@id":"https:\/\/www.celtica.cz\/zeny\/#CollectionPage","headline":"\u017deny Category","description":"","url":"https:\/\/www.celtica.cz\/zeny\/","hasPart":[{"@type":"Article","@id":"https:\/\/www.celtica.cz\/co-je-nevera\/","headline":"Co je nev\u011bra?","url":"https:\/\/www.celtica.cz\/co-je-nevera\/","datePublished":"2022-11-28","dateModified":"2023-06-14","mainEntityOfPage":"https:\/\/www.celtica.cz\/co-je-nevera\/","author":{"@type":"Person","@id":"https:\/\/www.celtica.cz\/author\/#Person","name":"","url":"https:\/\/www.celtica.cz\/author\/","identifier":1,"image":{"@type":"ImageObject","@id":"https:\/\/secure.gravatar.com\/avatar\/da76ffe9456a057fb26f92cd8eb3d2effca853864e9ae2a35290bd1e10b1f7d4?s=96&d=mm&r=g","url":"https:\/\/secure.gravatar.com\/avatar\/da76ffe9456a057fb26f92cd8eb3d2effca853864e9ae2a35290bd1e10b1f7d4?s=96&d=mm&r=g","height":96,"width":96}},"publisher":{"@type":"Organization","name":"celtica.cz","logo":{"@type":"ImageObject","@id":"\/logo.png","url":"\/logo.png","width":600,"height":60}},"image":{"@type":"ImageObject","@id":"https:\/\/www.celtica.cz\/wp-content\/uploads\/rozp.JPG","url":"https:\/\/www.celtica.cz\/wp-content\/uploads\/rozp.JPG","height":0,"width":0},"keywords":null},{"@type":"Article","@id":"https:\/\/www.celtica.cz\/muzi-a-zeny\/","headline":"Mu\u017ei a \u017eeny","url":"https:\/\/www.celtica.cz\/muzi-a-zeny\/","datePublished":"2022-05-29","dateModified":"2023-06-14","mainEntityOfPage":"https:\/\/www.celtica.cz\/muzi-a-zeny\/","author":{"@type":"Person","@id":"https:\/\/www.celtica.cz\/author\/#Person","name":"","url":"https:\/\/www.celtica.cz\/author\/","identifier":1,"image":{"@type":"ImageObject","@id":"https:\/\/secure.gravatar.com\/avatar\/da76ffe9456a057fb26f92cd8eb3d2effca853864e9ae2a35290bd1e10b1f7d4?s=96&d=mm&r=g","url":"https:\/\/secure.gravatar.com\/avatar\/da76ffe9456a057fb26f92cd8eb3d2effca853864e9ae2a35290bd1e10b1f7d4?s=96&d=mm&r=g","height":96,"width":96}},"publisher":{"@type":"Organization","name":"celtica.cz","logo":{"@type":"ImageObject","@id":"\/logo.png","url":"\/logo.png","width":600,"height":60}},"image":{"@type":"ImageObject","@id":"https:\/\/www.celtica.cz\/wp-content\/uploads\/moda1_4.jpg","url":"https:\/\/www.celtica.cz\/wp-content\/uploads\/moda1_4.jpg","height":0,"width":0},"keywords":null},{"@type":"Article","@id":"https:\/\/www.celtica.cz\/trapi-vas-akne-i-behem-dospelosti-co-s-tim-muzete-delat-a-proc-tomu-tak-vlastne-je\/","headline":"Tr\u00e1p\u00ed v\u00e1s akn\u00e9 i b\u011bhem dosp\u011blosti? Co s t\u00edm m\u016f\u017eete d\u011blat a pro\u010d tomu tak vlastn\u011b je?","url":"https:\/\/www.celtica.cz\/trapi-vas-akne-i-behem-dospelosti-co-s-tim-muzete-delat-a-proc-tomu-tak-vlastne-je\/","datePublished":"2022-04-09","dateModified":"2023-06-14","mainEntityOfPage":"https:\/\/www.celtica.cz\/trapi-vas-akne-i-behem-dospelosti-co-s-tim-muzete-delat-a-proc-tomu-tak-vlastne-je\/","author":{"@type":"Person","@id":"https:\/\/www.celtica.cz\/author\/#Person","name":"","url":"https:\/\/www.celtica.cz\/author\/","identifier":1,"image":{"@type":"ImageObject","@id":"https:\/\/secure.gravatar.com\/avatar\/da76ffe9456a057fb26f92cd8eb3d2effca853864e9ae2a35290bd1e10b1f7d4?s=96&d=mm&r=g","url":"https:\/\/secure.gravatar.com\/avatar\/da76ffe9456a057fb26f92cd8eb3d2effca853864e9ae2a35290bd1e10b1f7d4?s=96&d=mm&r=g","height":96,"width":96}},"publisher":{"@type":"Organization","name":"celtica.cz","logo":{"@type":"ImageObject","@id":"\/logo.png","url":"\/logo.png","width":600,"height":60}},"image":{"@type":"ImageObject","@id":"https:\/\/www.celtica.cz\/wp-content\/uploads\/acne-1606765__340.jpg","url":"https:\/\/www.celtica.cz\/wp-content\/uploads\/acne-1606765__340.jpg","height":0,"width":0},"keywords":null},{"@type":"Article","@id":"https:\/\/www.celtica.cz\/cistym-domovem-k-ciste-mysli\/","headline":"\u010cist\u00fdm domovem k \u010dist\u00e9 mysli","url":"https:\/\/www.celtica.cz\/cistym-domovem-k-ciste-mysli\/","datePublished":"2022-03-31","dateModified":"2023-06-14","mainEntityOfPage":"https:\/\/www.celtica.cz\/cistym-domovem-k-ciste-mysli\/","author":{"@type":"Person","@id":"https:\/\/www.celtica.cz\/author\/#Person","name":"","url":"https:\/\/www.celtica.cz\/author\/","identifier":1,"image":{"@type":"ImageObject","@id":"https:\/\/secure.gravatar.com\/avatar\/da76ffe9456a057fb26f92cd8eb3d2effca853864e9ae2a35290bd1e10b1f7d4?s=96&d=mm&r=g","url":"https:\/\/secure.gravatar.com\/avatar\/da76ffe9456a057fb26f92cd8eb3d2effca853864e9ae2a35290bd1e10b1f7d4?s=96&d=mm&r=g","height":96,"width":96}},"publisher":{"@type":"Organization","name":"celtica.cz","logo":{"@type":"ImageObject","@id":"\/logo.png","url":"\/logo.png","width":600,"height":60}},"image":{"@type":"ImageObject","@id":"https:\/\/www.celtica.cz\/wp-content\/uploads\/house-g62368a055_640_3.jpg","url":"https:\/\/www.celtica.cz\/wp-content\/uploads\/house-g62368a055_640_3.jpg","height":0,"width":0},"keywords":null}]}