[{"@context":"https:\/\/schema.org\/","@type":"Article","@id":"https:\/\/www.celtica.cz\/zlaty-cesky-slavik\/#Article","mainEntityOfPage":"https:\/\/www.celtica.cz\/zlaty-cesky-slavik\/","headline":"Zlat\u00fd \u010cesk\u00fd slav\u00edk","name":"Zlat\u00fd \u010cesk\u00fd slav\u00edk","description":"Anketa\u00a0Zlat\u00fd slav\u00edk, kterou v roce 1962 poprv\u00e9 vyhl\u00e1sila\u00a0redakce \u010dasopisu Mlad\u00fd sv\u011bt, m\u011bla od za\u010d\u00e1tku hodn\u011b p\u0159\u00edznivc\u016f. Proto\u017ee\u00a0v t\u00e9 dob\u011b ho &hellip; ","datePublished":"2022-05-21","dateModified":"2023-06-14","author":{"@type":"Person","@id":"https:\/\/www.celtica.cz\/author\/#Person","name":"","url":"https:\/\/www.celtica.cz\/author\/","identifier":1,"image":{"@type":"ImageObject","@id":"https:\/\/secure.gravatar.com\/avatar\/da76ffe9456a057fb26f92cd8eb3d2effca853864e9ae2a35290bd1e10b1f7d4?s=96&d=mm&r=g","url":"https:\/\/secure.gravatar.com\/avatar\/da76ffe9456a057fb26f92cd8eb3d2effca853864e9ae2a35290bd1e10b1f7d4?s=96&d=mm&r=g","height":96,"width":96}},"publisher":{"@type":"Organization","name":"celtica.cz","logo":{"@type":"ImageObject","@id":"\/logo.png","url":"\/logo.png","width":600,"height":60}},"image":{"@type":"ImageObject","@id":"https:\/\/www.celtica.cz\/wp-content\/uploads\/youtube-g3bb3980b7_640_1.jpg","url":"https:\/\/www.celtica.cz\/wp-content\/uploads\/youtube-g3bb3980b7_640_1.jpg","height":0,"width":0},"url":"https:\/\/www.celtica.cz\/zlaty-cesky-slavik\/","about":["Kultura"],"wordCount":435,"articleBody":"Anketa\u00a0Zlat\u00fd slav\u00edk, kterou v roce 1962 poprv\u00e9 vyhl\u00e1sila\u00a0redakce \u010dasopisu Mlad\u00fd sv\u011bt, m\u011bla od za\u010d\u00e1tku hodn\u011b p\u0159\u00edznivc\u016f. Proto\u017ee\u00a0v t\u00e9 dob\u011b ho \u010detli v\u0161ichni mlad\u00ed lid\u00e9, kte\u0159\u00ed se zaj\u00edmali o dom\u00e1c\u00ed\u00a0kulturn\u00ed d\u011bn\u00ed. Jej\u00ed\u00a0n\u00e1zev vymyslel tehdej\u0161\u00ed redaktor Ladislav Smoljak. Jako p\u0159edlohu pou\u017eil pojmenov\u00e1n\u00ed d\u011btsk\u00e9 hra\u010dky. Hned v tomto roce se stal, proto\u017ee kategorie zp\u011bv\u00e1k\u016f byla je\u0161t\u011b sm\u00ed\u0161en\u00e1, v\u00edt\u011bzem Waldemar Matu\u0161ka. Rok pot\u00e9 u\u017e na pomysln\u00fd tr\u016fn usedl Karel Gott. Kter\u00fd si prvenstv\u00ed zopakoval je\u0161t\u011b \u010dty\u0159icet kr\u00e1t. V kategorii zp\u011bva\u010dka se jich na prvn\u00edm m\u00edst\u011b vyst\u0159\u00eddalo n\u011bkolik.Marta Kubi\u0161ov\u00e1, do doby, ne\u017e ji zak\u00e1zali vystupovat, Eva Pilarov\u00e1, Na\u010fa Urb\u00e1nkov\u00e1, Hana Zagorov\u00e1. A p\u0159edev\u0161\u00edm Lucie B\u00edl\u00e1, kter\u00e1 se Zlatou slavic\u00ed stala dvacetkr\u00e1t. \u010c\u00edm\u017e potvrdila sv\u016fj mimo\u0159\u00e1dn\u00fd talent.\u00a0V roce 1996 se n\u00e1zev ankety zm\u011bnil na \u010cesk\u00fd slav\u00edk. A ve stejn\u00e9m roce se p\u0159ed\u00e1v\u00e1n\u00ed cen objevilo v p\u0159\u00edm\u00e9m p\u0159enosu \u010cesk\u00e9 televize. Rok pot\u00e9 tuto slavnost p\u0159evzala do sv\u00e9 re\u017eie komer\u010dn\u00ed televize Nova, na jej\u00edch\u017e obrazovce je k vid\u011bn\u00ed dodnes. P\u0159esto\u017ee v roce 1989 byla, vzhledem k politick\u00e9 situace u n\u00e1s, p\u0159esunuta na druhou kolej. U\u017e v roce 1991 se d\u00edky zap\u00e1len\u00fdm nad\u0161enc\u016fm objevila v pln\u00e9 par\u00e1d\u011b znovu na kulturn\u00ed sc\u00e9n\u011b.V leto\u0161n\u00edm roce anketa \u010cesk\u00fd slav\u00edk oslav\u00ed 60. v\u00fdro\u010d\u00ed trv\u00e1n\u00ed. Jako jedin\u00fd zp\u016fsob hlasov\u00e1n\u00ed byl zvolen formul\u00e1\u0159, kter\u00fd lze otev\u0159\u00edt na webov\u00fdch str\u00e1nk\u00e1ch. Hlasovat je mo\u017en\u00e9 v kategorii Zp\u011bv\u00e1k, Zp\u011bva\u010dka, Hudebn\u00ed skupina, Hip Hop a Rap. Vybran\u00e9mu um\u011blci je mo\u017en\u00e9 poslat jenom jeden hlas. A omezen\u00ed je i v po\u010dtu celkov\u00e9ho hodnocen\u00ed. Kdy maxim\u00e1ln\u00ed po\u010det je \u0161est interpret\u016f. Rovn\u011b\u017e se vol\u00ed Objev roku. Pro jeho\u017e v\u00fdb\u011br plat\u00ed p\u0159edem stanoven\u00e1 pravidla. Velk\u00fdm p\u0159ekvapen\u00edm je i leto\u0161n\u00ed S\u00ed\u0148 sl\u00e1vy. Do kter\u00e9 budou pozv\u00e1ni v\u0161ichni, kdo\u017e se ne\u00fanavn\u011b staraj\u00ed o rozvoj a podporu \u010desk\u00e9 popul\u00e1rn\u00ed hudby. Na slavnostn\u00edm p\u0159ed\u00e1n\u00ed\u00a0vystoup\u00ed v\u0161ichni lo\u0148\u0161t\u00ed v\u00edt\u011bzov\u00e9. A p\u0159edaj\u00ed tak pomyslnou \u0161tafetu leto\u0161n\u00edm v\u00edt\u011bz\u016fm. Anebo se jim poda\u0159\u00ed svoje prvenstv\u00ed udr\u017eet. I kdy\u017e p\u0159ekonat po\u010det Slav\u00edk\u016f Karla Gotta bude t\u011b\u017ek\u00e9 p\u0159ekonat.                                                                                                                                                                                                                                                                                                                                                                                        4\/5 - (9 votes)        "},{"@context":"https:\/\/schema.org\/","@type":"BreadcrumbList","itemListElement":[{"@type":"ListItem","position":1,"name":"Zlat\u00fd \u010cesk\u00fd slav\u00edk","item":"https:\/\/www.celtica.cz\/zlaty-cesky-slavik\/#breadcrumbitem"}]}]